{"id":4707,"date":"2023-05-23T21:28:15","date_gmt":"2023-05-23T19:28:15","guid":{"rendered":"https:\/\/xn--lfsreisen-z7a.de\/?p=4707"},"modified":"2023-06-12T21:37:53","modified_gmt":"2023-06-12T19:37:53","slug":"sonne-und-giro","status":"publish","type":"post","link":"https:\/\/xn--lfsreisen-z7a.de\/?p=4707","title":{"rendered":"Sonne und Giro"},"content":{"rendered":"<p>Die ersten beiden Tage standen ganz im Zeichen des Ankommens, Einrichtens und Wohnens. Nach einem kurzen, aber heftigen Gewitterguss in der Nacht mussten zudem erstmal ein paar Sachen wie der leichtfertig schon ausgepackte Teppich, meine Schuhe oder der Boden an sich wieder trocknen, wobei uns aber die tags\u00fcber gewissenhaft scheinende Sonne tatkr\u00e4ftig unterst\u00fctze. Nach der langen, kalten und entbehrungsreichen Zeit, in der man zu Hause gef\u00fchlt ein halbes Jahr keine Sonne zu Gesicht bekommen hatte, eine hei\u00df begehrte und willkommene Abwechslung. <\/p>\n<figure id=\"attachment_4694\" aria-describedby=\"caption-attachment-4694\" style=\"width: 700px\" class=\"wp-caption aligncenter\"><img data-recalc-dims=\"1\" loading=\"lazy\" decoding=\"async\" data-attachment-id=\"4694\" data-permalink=\"https:\/\/xn--lfsreisen-z7a.de\/?attachment_id=4694\" data-orig-file=\"https:\/\/i0.wp.com\/xn--lfsreisen-z7a.de\/wp-content\/uploads\/2023\/06\/StellplatzGardaseeMitSegel-scaled.jpg?fit=2560%2C1920&amp;ssl=1\" data-orig-size=\"2560,1920\" data-comments-opened=\"1\" data-image-meta=\"{&quot;aperture&quot;:&quot;1.6&quot;,&quot;credit&quot;:&quot;&quot;,&quot;camera&quot;:&quot;iPhone 13 mini&quot;,&quot;caption&quot;:&quot;&quot;,&quot;created_timestamp&quot;:&quot;1684838397&quot;,&quot;copyright&quot;:&quot;&quot;,&quot;focal_length&quot;:&quot;5.1&quot;,&quot;iso&quot;:&quot;50&quot;,&quot;shutter_speed&quot;:&quot;0.00050200803212851&quot;,&quot;title&quot;:&quot;&quot;,&quot;orientation&quot;:&quot;1&quot;}\" data-image-title=\"StellplatzGardaseeMitSegel\" data-image-description=\"\" data-image-caption=\"&lt;p&gt;Fertig eingerichtet mit K\u00fcchenschrank und Sonnensegel&lt;\/p&gt;\n\" data-medium-file=\"https:\/\/i0.wp.com\/xn--lfsreisen-z7a.de\/wp-content\/uploads\/2023\/06\/StellplatzGardaseeMitSegel-scaled.jpg?fit=300%2C225&amp;ssl=1\" data-large-file=\"https:\/\/i0.wp.com\/xn--lfsreisen-z7a.de\/wp-content\/uploads\/2023\/06\/StellplatzGardaseeMitSegel-scaled.jpg?fit=700%2C525&amp;ssl=1\" src=\"https:\/\/i0.wp.com\/xn--lfsreisen-z7a.de\/wp-content\/uploads\/2023\/06\/StellplatzGardaseeMitSegel.jpg?resize=700%2C525&#038;ssl=1\" alt=\"\" width=\"700\" height=\"525\" class=\"size-large wp-image-4694\" srcset=\"https:\/\/i0.wp.com\/xn--lfsreisen-z7a.de\/wp-content\/uploads\/2023\/06\/StellplatzGardaseeMitSegel-scaled.jpg?resize=700%2C525&amp;ssl=1 700w, https:\/\/i0.wp.com\/xn--lfsreisen-z7a.de\/wp-content\/uploads\/2023\/06\/StellplatzGardaseeMitSegel-scaled.jpg?resize=300%2C225&amp;ssl=1 300w, https:\/\/i0.wp.com\/xn--lfsreisen-z7a.de\/wp-content\/uploads\/2023\/06\/StellplatzGardaseeMitSegel-scaled.jpg?resize=768%2C576&amp;ssl=1 768w, https:\/\/i0.wp.com\/xn--lfsreisen-z7a.de\/wp-content\/uploads\/2023\/06\/StellplatzGardaseeMitSegel-scaled.jpg?resize=1536%2C1152&amp;ssl=1 1536w, https:\/\/i0.wp.com\/xn--lfsreisen-z7a.de\/wp-content\/uploads\/2023\/06\/StellplatzGardaseeMitSegel-scaled.jpg?resize=2048%2C1536&amp;ssl=1 2048w, https:\/\/i0.wp.com\/xn--lfsreisen-z7a.de\/wp-content\/uploads\/2023\/06\/StellplatzGardaseeMitSegel-scaled.jpg?w=2400&amp;ssl=1 2400w\" sizes=\"auto, (max-width: 700px) 100vw, 700px\" \/><figcaption id=\"caption-attachment-4694\" class=\"wp-caption-text\">Fertig eingerichtet mit K\u00fcchenschrank und Sonnensegel<\/figcaption><\/figure>\n<figure id=\"attachment_4696\" aria-describedby=\"caption-attachment-4696\" style=\"width: 700px\" class=\"wp-caption aligncenter\"><img data-recalc-dims=\"1\" loading=\"lazy\" decoding=\"async\" data-attachment-id=\"4696\" data-permalink=\"https:\/\/xn--lfsreisen-z7a.de\/?attachment_id=4696\" data-orig-file=\"https:\/\/i0.wp.com\/xn--lfsreisen-z7a.de\/wp-content\/uploads\/2023\/06\/JuttaBoardGardasee-scaled.jpg?fit=2560%2C1920&amp;ssl=1\" data-orig-size=\"2560,1920\" data-comments-opened=\"1\" data-image-meta=\"{&quot;aperture&quot;:&quot;1.6&quot;,&quot;credit&quot;:&quot;&quot;,&quot;camera&quot;:&quot;&quot;,&quot;caption&quot;:&quot;&quot;,&quot;created_timestamp&quot;:&quot;1684833510&quot;,&quot;copyright&quot;:&quot;&quot;,&quot;focal_length&quot;:&quot;5.1&quot;,&quot;iso&quot;:&quot;50&quot;,&quot;shutter_speed&quot;:&quot;0.00021500752526338&quot;,&quot;title&quot;:&quot;&quot;,&quot;orientation&quot;:&quot;1&quot;}\" data-image-title=\"JuttaBoardGardasee\" data-image-description=\"\" data-image-caption=\"\" data-medium-file=\"https:\/\/i0.wp.com\/xn--lfsreisen-z7a.de\/wp-content\/uploads\/2023\/06\/JuttaBoardGardasee-scaled.jpg?fit=300%2C225&amp;ssl=1\" data-large-file=\"https:\/\/i0.wp.com\/xn--lfsreisen-z7a.de\/wp-content\/uploads\/2023\/06\/JuttaBoardGardasee-scaled.jpg?fit=700%2C525&amp;ssl=1\" src=\"https:\/\/i0.wp.com\/xn--lfsreisen-z7a.de\/wp-content\/uploads\/2023\/06\/JuttaBoardGardasee.jpg?resize=700%2C525&#038;ssl=1\" alt=\"\" width=\"700\" height=\"525\" class=\"size-large wp-image-4696\" srcset=\"https:\/\/i0.wp.com\/xn--lfsreisen-z7a.de\/wp-content\/uploads\/2023\/06\/JuttaBoardGardasee-scaled.jpg?resize=700%2C525&amp;ssl=1 700w, https:\/\/i0.wp.com\/xn--lfsreisen-z7a.de\/wp-content\/uploads\/2023\/06\/JuttaBoardGardasee-scaled.jpg?resize=300%2C225&amp;ssl=1 300w, https:\/\/i0.wp.com\/xn--lfsreisen-z7a.de\/wp-content\/uploads\/2023\/06\/JuttaBoardGardasee-scaled.jpg?resize=768%2C576&amp;ssl=1 768w, https:\/\/i0.wp.com\/xn--lfsreisen-z7a.de\/wp-content\/uploads\/2023\/06\/JuttaBoardGardasee-scaled.jpg?resize=1536%2C1152&amp;ssl=1 1536w, https:\/\/i0.wp.com\/xn--lfsreisen-z7a.de\/wp-content\/uploads\/2023\/06\/JuttaBoardGardasee-scaled.jpg?resize=2048%2C1536&amp;ssl=1 2048w, https:\/\/i0.wp.com\/xn--lfsreisen-z7a.de\/wp-content\/uploads\/2023\/06\/JuttaBoardGardasee-scaled.jpg?w=2400&amp;ssl=1 2400w\" sizes=\"auto, (max-width: 700px) 100vw, 700px\" \/><figcaption id=\"caption-attachment-4696\" class=\"wp-caption-text\">Unfassbare K\u00f6rperbeherrschung auf dem wackligen Board<\/figcaption><\/figure>\n<p>Apropos Abwechslung. Am Dienstag hatte sich der Giro d&#8217;Italia direkt vor unserer Haust\u00fcr angek\u00fcndigt. Nach guten 50 Kilometern der Etappe sollte das Fahrerfeld bei uns vorbeirauschen. Irgendwie mussten wir jedoch leider feststellen, dass insbesondere die Werbekarawane einer solch gro\u00dfen bedeutungsschweren Landesrundfahrt \u00fcber die Jahre doch deutlich an Zauber verloren hat. Nachdem wir vor etlichen Jahren am Rande einer kleinen Pyren\u00e4enstra\u00dfe im Rahmen der Tour de France noch mit reichlich T\u00fcdelkram zugeschmissen wurden, von dem tats\u00e4chlich vor allem die aufblasbaren Kissen in Form eines Schweizer K\u00e4selaibs \u00fcber etliche Jahre treue Begleiter unserer Strandurlaube waren, war der Ertrag heute doch mehr als ern\u00fcchternd. Alle paar Minuten hielt ein Merchandising Sprinter am Stra\u00dfenrand an, aus dem die Insassen versuchten, \u00fcber eine Lautsprecheranlage v\u00f6llig \u00fcberteuerten Tinnef an den Mann zu bringen. Naheliegenderweise ohne nennenswerten Erfolg. Das war alles. Dann kam die Ausrei\u00dfergruppe, wenig sp\u00e4ter das Hauptfeld, danach war der Trubel vorbei und alle konnten nach Hause gehen.<\/p>\n<figure id=\"attachment_4695\" aria-describedby=\"caption-attachment-4695\" style=\"width: 700px\" class=\"wp-caption aligncenter\"><img data-recalc-dims=\"1\" loading=\"lazy\" decoding=\"async\" data-attachment-id=\"4695\" data-permalink=\"https:\/\/xn--lfsreisen-z7a.de\/?attachment_id=4695\" data-orig-file=\"https:\/\/i0.wp.com\/xn--lfsreisen-z7a.de\/wp-content\/uploads\/2023\/06\/GiroTorbole-scaled.jpg?fit=1920%2C2560&amp;ssl=1\" data-orig-size=\"1920,2560\" data-comments-opened=\"1\" data-image-meta=\"{&quot;aperture&quot;:&quot;1.6&quot;,&quot;credit&quot;:&quot;&quot;,&quot;camera&quot;:&quot;iPhone 13 mini&quot;,&quot;caption&quot;:&quot;&quot;,&quot;created_timestamp&quot;:&quot;1684844044&quot;,&quot;copyright&quot;:&quot;&quot;,&quot;focal_length&quot;:&quot;5.1&quot;,&quot;iso&quot;:&quot;50&quot;,&quot;shutter_speed&quot;:&quot;0.00019700551615445&quot;,&quot;title&quot;:&quot;&quot;,&quot;orientation&quot;:&quot;1&quot;}\" data-image-title=\"GiroTorbole\" data-image-description=\"\" data-image-caption=\"&lt;p&gt;Die Spitzengruppe Der Giro Etappe jagt durch Torbole&lt;\/p&gt;\n\" data-medium-file=\"https:\/\/i0.wp.com\/xn--lfsreisen-z7a.de\/wp-content\/uploads\/2023\/06\/GiroTorbole-scaled.jpg?fit=225%2C300&amp;ssl=1\" data-large-file=\"https:\/\/i0.wp.com\/xn--lfsreisen-z7a.de\/wp-content\/uploads\/2023\/06\/GiroTorbole-scaled.jpg?fit=700%2C933&amp;ssl=1\" src=\"https:\/\/i0.wp.com\/xn--lfsreisen-z7a.de\/wp-content\/uploads\/2023\/06\/GiroTorbole.jpg?resize=700%2C933&#038;ssl=1\" alt=\"\" width=\"700\" height=\"933\" class=\"size-large wp-image-4695\" srcset=\"https:\/\/i0.wp.com\/xn--lfsreisen-z7a.de\/wp-content\/uploads\/2023\/06\/GiroTorbole-scaled.jpg?resize=700%2C933&amp;ssl=1 700w, https:\/\/i0.wp.com\/xn--lfsreisen-z7a.de\/wp-content\/uploads\/2023\/06\/GiroTorbole-scaled.jpg?resize=225%2C300&amp;ssl=1 225w, https:\/\/i0.wp.com\/xn--lfsreisen-z7a.de\/wp-content\/uploads\/2023\/06\/GiroTorbole-scaled.jpg?resize=768%2C1024&amp;ssl=1 768w, https:\/\/i0.wp.com\/xn--lfsreisen-z7a.de\/wp-content\/uploads\/2023\/06\/GiroTorbole-scaled.jpg?resize=1152%2C1536&amp;ssl=1 1152w, https:\/\/i0.wp.com\/xn--lfsreisen-z7a.de\/wp-content\/uploads\/2023\/06\/GiroTorbole-scaled.jpg?resize=1536%2C2048&amp;ssl=1 1536w, https:\/\/i0.wp.com\/xn--lfsreisen-z7a.de\/wp-content\/uploads\/2023\/06\/GiroTorbole-scaled.jpg?w=1920&amp;ssl=1 1920w\" sizes=\"auto, (max-width: 700px) 100vw, 700px\" \/><figcaption id=\"caption-attachment-4695\" class=\"wp-caption-text\">Die Spitzengruppe der Giro Etappe jagt durch Torbole, ohne Blick f\u00fcr die Pizzeria 600<\/figcaption><\/figure>\n<h5>Statistik<\/h5>\n<p><b>\u00dc5:<\/b> <span style=\"color:#3366ff;\">22.05.2023 -&gt; 23.05.2023 in Torbole (200.553 km)<\/span><\/p>\n","protected":false},"excerpt":{"rendered":"<p>Die ersten beiden Tage standen ganz im Zeichen des Ankommens, Einrichtens und Wohnens. Nach einem kurzen, aber heftigen Gewitterguss in der Nacht mussten zudem erstmal ein paar Sachen wie der leichtfertig schon ausgepackte Teppich, meine Schuhe oder der Boden an sich wieder trocknen, wobei uns aber die tags\u00fcber gewissenhaft scheinende Sonne tatkr\u00e4ftig unterst\u00fctze. Nach der [&hellip;]<\/p>\n","protected":false},"author":1,"featured_media":4693,"comment_status":"open","ping_status":"open","sticky":false,"template":"","format":"standard","meta":{"ocean_post_layout":"","ocean_both_sidebars_style":"","ocean_both_sidebars_content_width":0,"ocean_both_sidebars_sidebars_width":0,"ocean_sidebar":"0","ocean_second_sidebar":"0","ocean_disable_margins":"enable","ocean_add_body_class":"","ocean_shortcode_before_top_bar":"","ocean_shortcode_after_top_bar":"","ocean_shortcode_before_header":"","ocean_shortcode_after_header":"","ocean_has_shortcode":"","ocean_shortcode_after_title":"","ocean_shortcode_before_footer_widgets":"","ocean_shortcode_after_footer_widgets":"","ocean_shortcode_before_footer_bottom":"","ocean_shortcode_after_footer_bottom":"","ocean_display_top_bar":"default","ocean_display_header":"default","ocean_header_style":"","ocean_center_header_left_menu":"0","ocean_custom_header_template":"0","ocean_custom_logo":0,"ocean_custom_retina_logo":0,"ocean_custom_logo_max_width":0,"ocean_custom_logo_tablet_max_width":0,"ocean_custom_logo_mobile_max_width":0,"ocean_custom_logo_max_height":0,"ocean_custom_logo_tablet_max_height":0,"ocean_custom_logo_mobile_max_height":0,"ocean_header_custom_menu":"0","ocean_menu_typo_font_family":"0","ocean_menu_typo_font_subset":"","ocean_menu_typo_font_size":0,"ocean_menu_typo_font_size_tablet":0,"ocean_menu_typo_font_size_mobile":0,"ocean_menu_typo_font_size_unit":"px","ocean_menu_typo_font_weight":"","ocean_menu_typo_font_weight_tablet":"","ocean_menu_typo_font_weight_mobile":"","ocean_menu_typo_transform":"","ocean_menu_typo_transform_tablet":"","ocean_menu_typo_transform_mobile":"","ocean_menu_typo_line_height":0,"ocean_menu_typo_line_height_tablet":0,"ocean_menu_typo_line_height_mobile":0,"ocean_menu_typo_line_height_unit":"","ocean_menu_typo_spacing":0,"ocean_menu_typo_spacing_tablet":0,"ocean_menu_typo_spacing_mobile":0,"ocean_menu_typo_spacing_unit":"","ocean_menu_link_color":"","ocean_menu_link_color_hover":"","ocean_menu_link_color_active":"","ocean_menu_link_background":"","ocean_menu_link_hover_background":"","ocean_menu_link_active_background":"","ocean_menu_social_links_bg":"","ocean_menu_social_hover_links_bg":"","ocean_menu_social_links_color":"","ocean_menu_social_hover_links_color":"","ocean_disable_title":"default","ocean_disable_heading":"default","ocean_post_title":"","ocean_post_subheading":"","ocean_post_title_style":"","ocean_post_title_background_color":"","ocean_post_title_background":0,"ocean_post_title_bg_image_position":"","ocean_post_title_bg_image_attachment":"","ocean_post_title_bg_image_repeat":"","ocean_post_title_bg_image_size":"","ocean_post_title_height":0,"ocean_post_title_bg_overlay":0.5,"ocean_post_title_bg_overlay_color":"","ocean_disable_breadcrumbs":"default","ocean_breadcrumbs_color":"","ocean_breadcrumbs_separator_color":"","ocean_breadcrumbs_links_color":"","ocean_breadcrumbs_links_hover_color":"","ocean_display_footer_widgets":"default","ocean_display_footer_bottom":"default","ocean_custom_footer_template":"0","jetpack_post_was_ever_published":false,"_jetpack_newsletter_access":"","_jetpack_dont_email_post_to_subs":false,"_jetpack_newsletter_tier_id":0,"_jetpack_memberships_contains_paywalled_content":false,"_jetpack_memberships_contains_paid_content":false,"ocean_post_oembed":"","ocean_post_self_hosted_media":"","ocean_post_video_embed":"","ocean_link_format":"","ocean_link_format_target":"self","ocean_quote_format":"","ocean_quote_format_link":"post","ocean_gallery_link_images":"off","ocean_gallery_id":[],"footnotes":"","jetpack_publicize_message":"","jetpack_publicize_feature_enabled":true,"jetpack_social_post_already_shared":true,"jetpack_social_options":{"image_generator_settings":{"template":"highway","default_image_id":0,"font":"","enabled":false},"version":2}},"categories":[101,1],"tags":[29],"class_list":["post-4707","post","type-post","status-publish","format-standard","has-post-thumbnail","hentry","category-gardasee-2023","category-reisen","tag-gardasee","entry","has-media"],"jetpack_publicize_connections":[],"jetpack_featured_media_url":"https:\/\/i0.wp.com\/xn--lfsreisen-z7a.de\/wp-content\/uploads\/2023\/06\/StellplatzGardaseeOhneSegel-scaled.jpg?fit=2560%2C1920&ssl=1","jetpack_sharing_enabled":true,"jetpack_shortlink":"https:\/\/wp.me\/p8v7mw-1dV","jetpack-related-posts":[],"_links":{"self":[{"href":"https:\/\/xn--lfsreisen-z7a.de\/index.php?rest_route=\/wp\/v2\/posts\/4707","targetHints":{"allow":["GET"]}}],"collection":[{"href":"https:\/\/xn--lfsreisen-z7a.de\/index.php?rest_route=\/wp\/v2\/posts"}],"about":[{"href":"https:\/\/xn--lfsreisen-z7a.de\/index.php?rest_route=\/wp\/v2\/types\/post"}],"author":[{"embeddable":true,"href":"https:\/\/xn--lfsreisen-z7a.de\/index.php?rest_route=\/wp\/v2\/users\/1"}],"replies":[{"embeddable":true,"href":"https:\/\/xn--lfsreisen-z7a.de\/index.php?rest_route=%2Fwp%2Fv2%2Fcomments&post=4707"}],"version-history":[{"count":3,"href":"https:\/\/xn--lfsreisen-z7a.de\/index.php?rest_route=\/wp\/v2\/posts\/4707\/revisions"}],"predecessor-version":[{"id":4710,"href":"https:\/\/xn--lfsreisen-z7a.de\/index.php?rest_route=\/wp\/v2\/posts\/4707\/revisions\/4710"}],"wp:featuredmedia":[{"embeddable":true,"href":"https:\/\/xn--lfsreisen-z7a.de\/index.php?rest_route=\/wp\/v2\/media\/4693"}],"wp:attachment":[{"href":"https:\/\/xn--lfsreisen-z7a.de\/index.php?rest_route=%2Fwp%2Fv2%2Fmedia&parent=4707"}],"wp:term":[{"taxonomy":"category","embeddable":true,"href":"https:\/\/xn--lfsreisen-z7a.de\/index.php?rest_route=%2Fwp%2Fv2%2Fcategories&post=4707"},{"taxonomy":"post_tag","embeddable":true,"href":"https:\/\/xn--lfsreisen-z7a.de\/index.php?rest_route=%2Fwp%2Fv2%2Ftags&post=4707"}],"curies":[{"name":"wp","href":"https:\/\/api.w.org\/{rel}","templated":true}]}}