{"id":4278,"date":"2021-09-06T13:33:59","date_gmt":"2021-09-06T11:33:59","guid":{"rendered":"https:\/\/xn--lfsreisen-z7a.de\/?p=4278"},"modified":"2021-09-13T12:46:00","modified_gmt":"2021-09-13T10:46:00","slug":"das-konfitueren-fiasko","status":"publish","type":"post","link":"https:\/\/xn--lfsreisen-z7a.de\/?p=4278","title":{"rendered":"Das Konfit\u00fcren Fiasko"},"content":{"rendered":"<p>Es wurde also Zeit noch n\u00e4her zum Sommer zu gelangen. Aber zun\u00e4chst mussten wir noch einen wichtigen, wenn nicht den wichtigsten, Meilenstein unseres Aufenthalts in der Bretagne abhaken. Vor zwei Jahren hatten wir auf gut Gl\u00fcck ein Gl\u00e4schen bretonische Milchkonfit\u00fcre mit gesalzener Butter erworben. Dieses kleine Glas, das hatte sich relativ schnell herausgestellt, war viel zu klein bemessen. Insbesondere dank unseres Stopps vor zwei Jahren in Hossegor als wir Roswitha, Petra und Ute besuchten, war die Konfit\u00fcre bereits vernichtet noch bevor wir das franz\u00f6sische Staatsgebiet wieder verlie\u00dfen. Und Nachschub war einfach nirgendwo zu bekommen. <\/p>\n<p>Also war heute unser erster Stopp der bretonische Souvenir- und Leckereien-Shop kurz vor der Auffahrt zur Halbinsel Quiberon, bei dem wir die famose Milchkonfit\u00fcre damals erstanden hatten. Wir mussten sogar noch einige Zeit auf dem Parkplatz vor dem Laden herumlungern, da wir zur Mittagspausenzeit dort ankamen. Als dann endlich die T\u00fcren aufgingen, st\u00fcrmten wir voller Vorfreude den Laden. Es war lediglich zu kl\u00e4ren, wie viel Platz wir im Auto h\u00e4tten und wie lange diese sensationelle K\u00f6stlichkeit haltbar w\u00e4re. Sollten wir zehn oder doch eher zwanzig Gl\u00e4schen einkaufen? Doch dann, oh Schreck, es war keine einzige dieser leckeren Konfit\u00fcren mehr da. Ein Schlag in die Magengegend. War der ganze Weg aus Deutschland bis hierher in die Bretagne umsonst oder zumindest vergebens gewesen sein? Das durfte nicht sein. Aber auch die Telefonate der netten und hilfsbereiten Dame an der Kasse, der unsere Verzweiflung nicht verborgen bleiben konnte, mit den anderen Fillialen in der Umgebung brachten keine dieser so sehns\u00fcchtig erw\u00fcnschten Kostbarkeit zu Tage. Kurz \u00fcberlegten wir, den Urlaub hier und jetzt komplett abzubrechen und wom\u00f6glich selbst in die Produktion von Milchkonfit\u00fcre einzusteigen. Es war aber tats\u00e4chlich nur ein sehr kurzer Gedanke.<\/p>\n<p>F\u00fcr die toten Steine der Carnac, die dort gleich um die Ecke auf etlichen Feldern rumstehen, waren wir auf diesen Schreck hin zu gefrustet und ermattet. Mittlerweile stand die Sonne auch wieder hoch am Himmel und brannte unerbittlich. Zus\u00e4tzlich eine willkommene Ausrede f\u00fcr uns, uns die Steine nur vom Wegesrand aus dem Autofenster anzusehen. Schlie\u00dflich wollten wir ja trotz dieses unerbittlichen R\u00fcckschlages dennoch ein gutes St\u00fcck weiter in Richtung Sommer und Meer. <\/p>\n<figure id=\"attachment_4265\" aria-describedby=\"caption-attachment-4265\" style=\"width: 700px\" class=\"wp-caption aligncenter\"><img data-recalc-dims=\"1\" loading=\"lazy\" decoding=\"async\" data-attachment-id=\"4265\" data-permalink=\"https:\/\/xn--lfsreisen-z7a.de\/?attachment_id=4265\" data-orig-file=\"https:\/\/i0.wp.com\/xn--lfsreisen-z7a.de\/wp-content\/uploads\/2021\/09\/Carnac-scaled.jpg?fit=2560%2C1920&amp;ssl=1\" data-orig-size=\"2560,1920\" data-comments-opened=\"1\" data-image-meta=\"{&quot;aperture&quot;:&quot;1.8&quot;,&quot;credit&quot;:&quot;&quot;,&quot;camera&quot;:&quot;iPhone SE (2nd generation)&quot;,&quot;caption&quot;:&quot;&quot;,&quot;created_timestamp&quot;:&quot;1630854886&quot;,&quot;copyright&quot;:&quot;&quot;,&quot;focal_length&quot;:&quot;3.99&quot;,&quot;iso&quot;:&quot;20&quot;,&quot;shutter_speed&quot;:&quot;0.00063816209317167&quot;,&quot;title&quot;:&quot;&quot;,&quot;orientation&quot;:&quot;1&quot;}\" data-image-title=\"Carnac\" data-image-description=\"\" data-image-caption=\"&lt;p&gt;Die Steine von Carnac im Vorbeifahren&lt;\/p&gt;\n\" data-medium-file=\"https:\/\/i0.wp.com\/xn--lfsreisen-z7a.de\/wp-content\/uploads\/2021\/09\/Carnac-scaled.jpg?fit=300%2C225&amp;ssl=1\" data-large-file=\"https:\/\/i0.wp.com\/xn--lfsreisen-z7a.de\/wp-content\/uploads\/2021\/09\/Carnac-scaled.jpg?fit=700%2C525&amp;ssl=1\" src=\"https:\/\/i0.wp.com\/xn--lfsreisen-z7a.de\/wp-content\/uploads\/2021\/09\/Carnac.jpg?resize=700%2C525&#038;ssl=1\" alt=\"\" width=\"700\" height=\"525\" class=\"size-large wp-image-4265\" srcset=\"https:\/\/i0.wp.com\/xn--lfsreisen-z7a.de\/wp-content\/uploads\/2021\/09\/Carnac-scaled.jpg?resize=700%2C525&amp;ssl=1 700w, https:\/\/i0.wp.com\/xn--lfsreisen-z7a.de\/wp-content\/uploads\/2021\/09\/Carnac-scaled.jpg?resize=300%2C225&amp;ssl=1 300w, https:\/\/i0.wp.com\/xn--lfsreisen-z7a.de\/wp-content\/uploads\/2021\/09\/Carnac-scaled.jpg?resize=768%2C576&amp;ssl=1 768w, https:\/\/i0.wp.com\/xn--lfsreisen-z7a.de\/wp-content\/uploads\/2021\/09\/Carnac-scaled.jpg?resize=1536%2C1152&amp;ssl=1 1536w, https:\/\/i0.wp.com\/xn--lfsreisen-z7a.de\/wp-content\/uploads\/2021\/09\/Carnac-scaled.jpg?resize=2048%2C1536&amp;ssl=1 2048w, https:\/\/i0.wp.com\/xn--lfsreisen-z7a.de\/wp-content\/uploads\/2021\/09\/Carnac-scaled.jpg?w=2400&amp;ssl=1 2400w\" sizes=\"auto, (max-width: 700px) 100vw, 700px\" \/><figcaption id=\"caption-attachment-4265\" class=\"wp-caption-text\">Die Steine von Carnac im Vorbeifahren<\/figcaption><\/figure>\n<p>Als wir gedanklich fast schon auf die entsprechende Nationalstra\u00dfe einbogen, sahen wir an einem der unz\u00e4hligen Kreisel in diesem Land aus dem Augenwinkel einen weiteren Laden, der ebenfalls bretonische Spezialit\u00e4ten unter die Leute bringen wollte. Da wollten wir nicht unh\u00f6flich sein und versuchten unser Gl\u00fcck, wohl wissend, dass wir diese leckere Milchkonfit\u00fcre au\u00dferhalb des ersten angesprochenen Ladens noch nirgendwo anders gefunden hatten. Was f\u00fcr eine gl\u00fcckliche F\u00fcgung, kann man konstatieren. Tats\u00e4chlich hatte dieser Shop ebenfalls eine Confiture de Lait mit Beurre Sal\u00e9 im Angebot, zwar von einem anderen Hersteller, aber wom\u00f6glich ja ebenso lecker. Der Tag nahm also doch noch eine gute Wendung.<\/p>\n<figure id=\"attachment_4269\" aria-describedby=\"caption-attachment-4269\" style=\"width: 700px\" class=\"wp-caption aligncenter\"><img data-recalc-dims=\"1\" loading=\"lazy\" decoding=\"async\" data-attachment-id=\"4269\" data-permalink=\"https:\/\/xn--lfsreisen-z7a.de\/?attachment_id=4269\" data-orig-file=\"https:\/\/i0.wp.com\/xn--lfsreisen-z7a.de\/wp-content\/uploads\/2021\/09\/EingangCampingMontbert-scaled.jpg?fit=2560%2C1920&amp;ssl=1\" data-orig-size=\"2560,1920\" data-comments-opened=\"1\" data-image-meta=\"{&quot;aperture&quot;:&quot;1.8&quot;,&quot;credit&quot;:&quot;&quot;,&quot;camera&quot;:&quot;iPhone SE (2nd generation)&quot;,&quot;caption&quot;:&quot;&quot;,&quot;created_timestamp&quot;:&quot;1630925094&quot;,&quot;copyright&quot;:&quot;&quot;,&quot;focal_length&quot;:&quot;3.99&quot;,&quot;iso&quot;:&quot;20&quot;,&quot;shutter_speed&quot;:&quot;0.00084388185654008&quot;,&quot;title&quot;:&quot;&quot;,&quot;orientation&quot;:&quot;1&quot;}\" data-image-title=\"EingangCampingMontbert\" data-image-description=\"\" data-image-caption=\"\" data-medium-file=\"https:\/\/i0.wp.com\/xn--lfsreisen-z7a.de\/wp-content\/uploads\/2021\/09\/EingangCampingMontbert-scaled.jpg?fit=300%2C225&amp;ssl=1\" data-large-file=\"https:\/\/i0.wp.com\/xn--lfsreisen-z7a.de\/wp-content\/uploads\/2021\/09\/EingangCampingMontbert-scaled.jpg?fit=700%2C525&amp;ssl=1\" src=\"https:\/\/i0.wp.com\/xn--lfsreisen-z7a.de\/wp-content\/uploads\/2021\/09\/EingangCampingMontbert.jpg?resize=700%2C525&#038;ssl=1\" alt=\"\" width=\"700\" height=\"525\" class=\"size-large wp-image-4269\" srcset=\"https:\/\/i0.wp.com\/xn--lfsreisen-z7a.de\/wp-content\/uploads\/2021\/09\/EingangCampingMontbert-scaled.jpg?resize=700%2C525&amp;ssl=1 700w, https:\/\/i0.wp.com\/xn--lfsreisen-z7a.de\/wp-content\/uploads\/2021\/09\/EingangCampingMontbert-scaled.jpg?resize=300%2C225&amp;ssl=1 300w, https:\/\/i0.wp.com\/xn--lfsreisen-z7a.de\/wp-content\/uploads\/2021\/09\/EingangCampingMontbert-scaled.jpg?resize=768%2C576&amp;ssl=1 768w, https:\/\/i0.wp.com\/xn--lfsreisen-z7a.de\/wp-content\/uploads\/2021\/09\/EingangCampingMontbert-scaled.jpg?resize=1536%2C1152&amp;ssl=1 1536w, https:\/\/i0.wp.com\/xn--lfsreisen-z7a.de\/wp-content\/uploads\/2021\/09\/EingangCampingMontbert-scaled.jpg?resize=2048%2C1536&amp;ssl=1 2048w, https:\/\/i0.wp.com\/xn--lfsreisen-z7a.de\/wp-content\/uploads\/2021\/09\/EingangCampingMontbert-scaled.jpg?w=2400&amp;ssl=1 2400w\" sizes=\"auto, (max-width: 700px) 100vw, 700px\" \/><figcaption id=\"caption-attachment-4269\" class=\"wp-caption-text\">Der Eingang zu unserem heutigen Campingplatz<\/figcaption><\/figure>\n<p>Mit neuem Elan ging es weiter Richtung Ile de Re, der Verhei\u00dfung von Sonne und Sommer. Vorbei an Nantes fuhren wir irgendwann mitten im Nirgendwo ab. Es ging \u00fcber immer kleiner werdende Stra\u00dfen bis hin zu einem kleinen Anwesen zwischen einem W\u00e4ldchen und ein paar Feldern. Dank der Plattform park4night wurden wir auf dieses Kleinod an Campingplatz aufmerksam. Ein unfassbar liebevoll gestaltetes Gel\u00e4nde mit ein paar Stellpl\u00e4tzen unter B\u00e4umen, ein paar Stellpl\u00e4tzen auf einer offenen Wiese, einem tollen kleinen Waschhaus mit allem Service und einem supernetten Betreiber. Es gab sogar ein frei verf\u00fcgbares Kr\u00e4uterbeet zur Selbstbedienung. Vor lauter Tohuwabohu bzgl. der Confiture de Lait hatten wir total vergessen unsere Butterbest\u00e4nde aufzustocken. Auch da half der Betreiber aus und gab uns einfach ein kleines St\u00fcckchen Butter aus seinem privaten K\u00fchlschrank. Gro\u00dfartig! An diesem Ort m\u00fcsste man eigentlich viel l\u00e4nger verweilen, wenn er nur nicht viel zu weit vom Meer entfernt gelegen und es nicht so hei\u00df w\u00e4re. <\/p>\n<figure id=\"attachment_4264\" aria-describedby=\"caption-attachment-4264\" style=\"width: 700px\" class=\"wp-caption aligncenter\"><img data-recalc-dims=\"1\" loading=\"lazy\" decoding=\"async\" data-attachment-id=\"4264\" data-permalink=\"https:\/\/xn--lfsreisen-z7a.de\/?attachment_id=4264\" data-orig-file=\"https:\/\/i0.wp.com\/xn--lfsreisen-z7a.de\/wp-content\/uploads\/2021\/09\/StellplatzMontbert-scaled.jpg?fit=2560%2C1920&amp;ssl=1\" data-orig-size=\"2560,1920\" data-comments-opened=\"1\" data-image-meta=\"{&quot;aperture&quot;:&quot;1.8&quot;,&quot;credit&quot;:&quot;&quot;,&quot;camera&quot;:&quot;iPhone SE (2nd generation)&quot;,&quot;caption&quot;:&quot;&quot;,&quot;created_timestamp&quot;:&quot;1630922550&quot;,&quot;copyright&quot;:&quot;&quot;,&quot;focal_length&quot;:&quot;3.99&quot;,&quot;iso&quot;:&quot;20&quot;,&quot;shutter_speed&quot;:&quot;0.0019960079840319&quot;,&quot;title&quot;:&quot;&quot;,&quot;orientation&quot;:&quot;1&quot;}\" data-image-title=\"StellplatzMontbert\" data-image-description=\"\" data-image-caption=\"&lt;p&gt;Die reinste Idylle hier&lt;\/p&gt;\n\" data-medium-file=\"https:\/\/i0.wp.com\/xn--lfsreisen-z7a.de\/wp-content\/uploads\/2021\/09\/StellplatzMontbert-scaled.jpg?fit=300%2C225&amp;ssl=1\" data-large-file=\"https:\/\/i0.wp.com\/xn--lfsreisen-z7a.de\/wp-content\/uploads\/2021\/09\/StellplatzMontbert-scaled.jpg?fit=700%2C525&amp;ssl=1\" src=\"https:\/\/i0.wp.com\/xn--lfsreisen-z7a.de\/wp-content\/uploads\/2021\/09\/StellplatzMontbert.jpg?resize=700%2C525&#038;ssl=1\" alt=\"\" width=\"700\" height=\"525\" class=\"size-large wp-image-4264\" srcset=\"https:\/\/i0.wp.com\/xn--lfsreisen-z7a.de\/wp-content\/uploads\/2021\/09\/StellplatzMontbert-scaled.jpg?resize=700%2C525&amp;ssl=1 700w, https:\/\/i0.wp.com\/xn--lfsreisen-z7a.de\/wp-content\/uploads\/2021\/09\/StellplatzMontbert-scaled.jpg?resize=300%2C225&amp;ssl=1 300w, https:\/\/i0.wp.com\/xn--lfsreisen-z7a.de\/wp-content\/uploads\/2021\/09\/StellplatzMontbert-scaled.jpg?resize=768%2C576&amp;ssl=1 768w, https:\/\/i0.wp.com\/xn--lfsreisen-z7a.de\/wp-content\/uploads\/2021\/09\/StellplatzMontbert-scaled.jpg?resize=1536%2C1152&amp;ssl=1 1536w, https:\/\/i0.wp.com\/xn--lfsreisen-z7a.de\/wp-content\/uploads\/2021\/09\/StellplatzMontbert-scaled.jpg?resize=2048%2C1536&amp;ssl=1 2048w, https:\/\/i0.wp.com\/xn--lfsreisen-z7a.de\/wp-content\/uploads\/2021\/09\/StellplatzMontbert-scaled.jpg?w=2400&amp;ssl=1 2400w\" sizes=\"auto, (max-width: 700px) 100vw, 700px\" \/><figcaption id=\"caption-attachment-4264\" class=\"wp-caption-text\">Die reinste Idylle hier<\/figcaption><\/figure>\n<figure id=\"attachment_4263\" aria-describedby=\"caption-attachment-4263\" style=\"width: 700px\" class=\"wp-caption aligncenter\"><img data-recalc-dims=\"1\" loading=\"lazy\" decoding=\"async\" data-attachment-id=\"4263\" data-permalink=\"https:\/\/xn--lfsreisen-z7a.de\/?attachment_id=4263\" data-orig-file=\"https:\/\/i0.wp.com\/xn--lfsreisen-z7a.de\/wp-content\/uploads\/2021\/09\/Kraeutergarten-scaled.jpg?fit=2560%2C1920&amp;ssl=1\" data-orig-size=\"2560,1920\" data-comments-opened=\"1\" data-image-meta=\"{&quot;aperture&quot;:&quot;1.8&quot;,&quot;credit&quot;:&quot;&quot;,&quot;camera&quot;:&quot;iPhone SE (2nd generation)&quot;,&quot;caption&quot;:&quot;&quot;,&quot;created_timestamp&quot;:&quot;1630922591&quot;,&quot;copyright&quot;:&quot;&quot;,&quot;focal_length&quot;:&quot;3.99&quot;,&quot;iso&quot;:&quot;64&quot;,&quot;shutter_speed&quot;:&quot;0.0082644628099174&quot;,&quot;title&quot;:&quot;&quot;,&quot;orientation&quot;:&quot;1&quot;}\" data-image-title=\"Kr\u00e4utergarten\" data-image-description=\"\" data-image-caption=\"&lt;p&gt;Sogar mit Kr\u00e4uterbeet zur Selbstbedienung&lt;\/p&gt;\n\" data-medium-file=\"https:\/\/i0.wp.com\/xn--lfsreisen-z7a.de\/wp-content\/uploads\/2021\/09\/Kraeutergarten-scaled.jpg?fit=300%2C225&amp;ssl=1\" data-large-file=\"https:\/\/i0.wp.com\/xn--lfsreisen-z7a.de\/wp-content\/uploads\/2021\/09\/Kraeutergarten-scaled.jpg?fit=700%2C525&amp;ssl=1\" src=\"https:\/\/i0.wp.com\/xn--lfsreisen-z7a.de\/wp-content\/uploads\/2021\/09\/Kraeutergarten.jpg?resize=700%2C525&#038;ssl=1\" alt=\"\" width=\"700\" height=\"525\" class=\"size-large wp-image-4263\" srcset=\"https:\/\/i0.wp.com\/xn--lfsreisen-z7a.de\/wp-content\/uploads\/2021\/09\/Kraeutergarten-scaled.jpg?resize=700%2C525&amp;ssl=1 700w, https:\/\/i0.wp.com\/xn--lfsreisen-z7a.de\/wp-content\/uploads\/2021\/09\/Kraeutergarten-scaled.jpg?resize=300%2C225&amp;ssl=1 300w, https:\/\/i0.wp.com\/xn--lfsreisen-z7a.de\/wp-content\/uploads\/2021\/09\/Kraeutergarten-scaled.jpg?resize=768%2C576&amp;ssl=1 768w, https:\/\/i0.wp.com\/xn--lfsreisen-z7a.de\/wp-content\/uploads\/2021\/09\/Kraeutergarten-scaled.jpg?resize=1536%2C1152&amp;ssl=1 1536w, https:\/\/i0.wp.com\/xn--lfsreisen-z7a.de\/wp-content\/uploads\/2021\/09\/Kraeutergarten-scaled.jpg?resize=2048%2C1536&amp;ssl=1 2048w, https:\/\/i0.wp.com\/xn--lfsreisen-z7a.de\/wp-content\/uploads\/2021\/09\/Kraeutergarten-scaled.jpg?w=2400&amp;ssl=1 2400w\" sizes=\"auto, (max-width: 700px) 100vw, 700px\" \/><figcaption id=\"caption-attachment-4263\" class=\"wp-caption-text\">Sogar mit Kr\u00e4uterbeet zur Selbstbedienung<\/figcaption><\/figure>\n<h5>Statistik<\/h5>\n<p><b>\u00dc25:<\/b> <span style=\"color:#3366ff;\">05.09.2021 -&gt; 06.09.2021 in Montbert (170.493 km)<\/span><\/p>\n","protected":false},"excerpt":{"rendered":"<p>Es wurde also Zeit noch n\u00e4her zum Sommer zu gelangen. Aber zun\u00e4chst mussten wir noch einen wichtigen, wenn nicht den wichtigsten, Meilenstein unseres Aufenthalts in der Bretagne abhaken. Vor zwei Jahren hatten wir auf gut Gl\u00fcck ein Gl\u00e4schen bretonische Milchkonfit\u00fcre mit gesalzener Butter erworben. Dieses kleine Glas, das hatte sich relativ schnell herausgestellt, war viel [&hellip;]<\/p>\n","protected":false},"author":1,"featured_media":4283,"comment_status":"open","ping_status":"open","sticky":false,"template":"","format":"standard","meta":{"ocean_post_layout":"","ocean_both_sidebars_style":"","ocean_both_sidebars_content_width":0,"ocean_both_sidebars_sidebars_width":0,"ocean_sidebar":"","ocean_second_sidebar":"","ocean_disable_margins":"enable","ocean_add_body_class":"","ocean_shortcode_before_top_bar":"","ocean_shortcode_after_top_bar":"","ocean_shortcode_before_header":"","ocean_shortcode_after_header":"","ocean_has_shortcode":"","ocean_shortcode_after_title":"","ocean_shortcode_before_footer_widgets":"","ocean_shortcode_after_footer_widgets":"","ocean_shortcode_before_footer_bottom":"","ocean_shortcode_after_footer_bottom":"","ocean_display_top_bar":"default","ocean_display_header":"default","ocean_header_style":"","ocean_center_header_left_menu":"","ocean_custom_header_template":"","ocean_custom_logo":0,"ocean_custom_retina_logo":0,"ocean_custom_logo_max_width":0,"ocean_custom_logo_tablet_max_width":0,"ocean_custom_logo_mobile_max_width":0,"ocean_custom_logo_max_height":0,"ocean_custom_logo_tablet_max_height":0,"ocean_custom_logo_mobile_max_height":0,"ocean_header_custom_menu":"","ocean_menu_typo_font_family":"","ocean_menu_typo_font_subset":"","ocean_menu_typo_font_size":0,"ocean_menu_typo_font_size_tablet":0,"ocean_menu_typo_font_size_mobile":0,"ocean_menu_typo_font_size_unit":"px","ocean_menu_typo_font_weight":"","ocean_menu_typo_font_weight_tablet":"","ocean_menu_typo_font_weight_mobile":"","ocean_menu_typo_transform":"","ocean_menu_typo_transform_tablet":"","ocean_menu_typo_transform_mobile":"","ocean_menu_typo_line_height":0,"ocean_menu_typo_line_height_tablet":0,"ocean_menu_typo_line_height_mobile":0,"ocean_menu_typo_line_height_unit":"","ocean_menu_typo_spacing":0,"ocean_menu_typo_spacing_tablet":0,"ocean_menu_typo_spacing_mobile":0,"ocean_menu_typo_spacing_unit":"","ocean_menu_link_color":"","ocean_menu_link_color_hover":"","ocean_menu_link_color_active":"","ocean_menu_link_background":"","ocean_menu_link_hover_background":"","ocean_menu_link_active_background":"","ocean_menu_social_links_bg":"","ocean_menu_social_hover_links_bg":"","ocean_menu_social_links_color":"","ocean_menu_social_hover_links_color":"","ocean_disable_title":"default","ocean_disable_heading":"default","ocean_post_title":"","ocean_post_subheading":"","ocean_post_title_style":"","ocean_post_title_background_color":"","ocean_post_title_background":0,"ocean_post_title_bg_image_position":"","ocean_post_title_bg_image_attachment":"","ocean_post_title_bg_image_repeat":"","ocean_post_title_bg_image_size":"","ocean_post_title_height":0,"ocean_post_title_bg_overlay":0.5,"ocean_post_title_bg_overlay_color":"","ocean_disable_breadcrumbs":"default","ocean_breadcrumbs_color":"","ocean_breadcrumbs_separator_color":"","ocean_breadcrumbs_links_color":"","ocean_breadcrumbs_links_hover_color":"","ocean_display_footer_widgets":"default","ocean_display_footer_bottom":"default","ocean_custom_footer_template":"","jetpack_post_was_ever_published":false,"_jetpack_newsletter_access":"","_jetpack_dont_email_post_to_subs":false,"_jetpack_newsletter_tier_id":0,"_jetpack_memberships_contains_paywalled_content":false,"_jetpack_memberships_contains_paid_content":false,"ocean_post_oembed":"","ocean_post_self_hosted_media":"","ocean_post_video_embed":"","ocean_link_format":"","ocean_link_format_target":"self","ocean_quote_format":"","ocean_quote_format_link":"post","ocean_gallery_link_images":"on","ocean_gallery_id":[],"footnotes":"","jetpack_publicize_message":"","jetpack_publicize_feature_enabled":true,"jetpack_social_post_already_shared":true,"jetpack_social_options":{"image_generator_settings":{"template":"highway","default_image_id":0,"font":"","enabled":false},"version":2}},"categories":[93,1],"tags":[81],"class_list":["post-4278","post","type-post","status-publish","format-standard","has-post-thumbnail","hentry","category-frankreich-2021","category-reisen","tag-frankreich","entry","has-media"],"jetpack_publicize_connections":[],"jetpack_featured_media_url":"https:\/\/i0.wp.com\/xn--lfsreisen-z7a.de\/wp-content\/uploads\/2021\/09\/HasenPlatz-scaled.jpg?fit=2560%2C1920&ssl=1","jetpack_sharing_enabled":true,"jetpack_shortlink":"https:\/\/wp.me\/p8v7mw-170","jetpack-related-posts":[],"_links":{"self":[{"href":"https:\/\/xn--lfsreisen-z7a.de\/index.php?rest_route=\/wp\/v2\/posts\/4278","targetHints":{"allow":["GET"]}}],"collection":[{"href":"https:\/\/xn--lfsreisen-z7a.de\/index.php?rest_route=\/wp\/v2\/posts"}],"about":[{"href":"https:\/\/xn--lfsreisen-z7a.de\/index.php?rest_route=\/wp\/v2\/types\/post"}],"author":[{"embeddable":true,"href":"https:\/\/xn--lfsreisen-z7a.de\/index.php?rest_route=\/wp\/v2\/users\/1"}],"replies":[{"embeddable":true,"href":"https:\/\/xn--lfsreisen-z7a.de\/index.php?rest_route=%2Fwp%2Fv2%2Fcomments&post=4278"}],"version-history":[{"count":3,"href":"https:\/\/xn--lfsreisen-z7a.de\/index.php?rest_route=\/wp\/v2\/posts\/4278\/revisions"}],"predecessor-version":[{"id":4285,"href":"https:\/\/xn--lfsreisen-z7a.de\/index.php?rest_route=\/wp\/v2\/posts\/4278\/revisions\/4285"}],"wp:featuredmedia":[{"embeddable":true,"href":"https:\/\/xn--lfsreisen-z7a.de\/index.php?rest_route=\/wp\/v2\/media\/4283"}],"wp:attachment":[{"href":"https:\/\/xn--lfsreisen-z7a.de\/index.php?rest_route=%2Fwp%2Fv2%2Fmedia&parent=4278"}],"wp:term":[{"taxonomy":"category","embeddable":true,"href":"https:\/\/xn--lfsreisen-z7a.de\/index.php?rest_route=%2Fwp%2Fv2%2Fcategories&post=4278"},{"taxonomy":"post_tag","embeddable":true,"href":"https:\/\/xn--lfsreisen-z7a.de\/index.php?rest_route=%2Fwp%2Fv2%2Ftags&post=4278"}],"curies":[{"name":"wp","href":"https:\/\/api.w.org\/{rel}","templated":true}]}}