{"id":4240,"date":"2021-09-03T12:02:21","date_gmt":"2021-09-03T10:02:21","guid":{"rendered":"https:\/\/xn--lfsreisen-z7a.de\/?p=4240"},"modified":"2021-09-08T14:56:50","modified_gmt":"2021-09-08T12:56:50","slug":"das-tuerkisfarbene-band","status":"publish","type":"post","link":"https:\/\/xn--lfsreisen-z7a.de\/?p=4240","title":{"rendered":"Das t\u00fcrkisfarbene Band"},"content":{"rendered":"<p>Die Nacht war sehr turbulent. Der oben bereits angesprochene angetrunkene Oktoberfestbesucher h\u00e4tte sein eigenes Schwanken nur mit dem Schaukeln des Campers synchronisieren m\u00fcssen und schon h\u00e4tte er geschlafen, wie man so sch\u00f6n sagt, wie in Abrahams Scho\u00df. Doch leider h\u00e4tten wir, selbst wenn wir es gewollt h\u00e4tten, in der K\u00fcrze der Zeit gar nicht so viel trinken k\u00f6nnen, um dieses Stadium zu erreichen. Mal abgesehen von unseren unzureichenden Alkoholvorr\u00e4ten. So blieb uns nichts anderes \u00fcbrig als komplett asynchron vom Wind verschaukelt zu werden. Eine erholsame Nacht k\u00f6nnen wir dann morgen nochmal versuchen anzugehen. <\/p>\n<p>Das Wetter ist und bleibt kritisch. Es ist eines Sommerurlaubs bislang leider unw\u00fcrdig. Der Blick auf die Wetterkarte r\u00e4t uns zur Flucht weiter nach S\u00fcden. Dort sollte dann hoffentlich endlich die Sonne auf uns warten. Sie schien somit wenigstens in Schlagdistanz in einem Tag zu erreichen. Und wahrhaftig, je n\u00e4her wir uns der s\u00fcdlichen K\u00fcste der Bretagne n\u00e4herten, desto gr\u00f6\u00dfer wurden die L\u00f6cher in der bis dato dichten Wolkendecke. Auch das Thermometer frohlockte Kilometer um Kilometer, den wir voran kamen, mit stetig steigenden Temperaturen. Unsere neue Bleibe auf einem Campingplatz in Ploemeur in der N\u00e4he von Lorient befahren wir dann endlich im Sommer bei blauem Himmel. Spontan entscheiden wir uns, hier nicht nur eine Nacht zu bleiben wie auf den Campingpl\u00e4tzen bisher auf dieser Reise.<\/p>\n<p>Da wir auf diese sommerliche Wendung zwar gehofft hatten, aber im Detail dann doch nicht darauf vorbereitet waren, kam uns der einladend aussehende und verzehrfertig temperierte Ros\u00e9 aus dem K\u00fchlschrank der Rezeption des Campingplatzes gerade recht. Als h\u00e4tte der Wein nur darauf gewartet, von uns mitgenommen zu werden und auf dem Sonnendeck des SpaceCampers mit Blick auf den Sonnenuntergang verk\u00f6stigt zu werden. Eine traumhafte Einstimmung in den jetzt wom\u00f6glich beginnenden Sommerurlaub, der nun endlich auch seinen Namen verdient.<\/p>\n<figure id=\"attachment_4254\" aria-describedby=\"caption-attachment-4254\" style=\"width: 700px\" class=\"wp-caption aligncenter\"><img data-recalc-dims=\"1\" loading=\"lazy\" decoding=\"async\" data-attachment-id=\"4254\" data-permalink=\"https:\/\/xn--lfsreisen-z7a.de\/?attachment_id=4254\" data-orig-file=\"https:\/\/i0.wp.com\/xn--lfsreisen-z7a.de\/wp-content\/uploads\/2021\/09\/RoseImDach-scaled.jpg?fit=1920%2C2560&amp;ssl=1\" data-orig-size=\"1920,2560\" data-comments-opened=\"1\" data-image-meta=\"{&quot;aperture&quot;:&quot;1.8&quot;,&quot;credit&quot;:&quot;&quot;,&quot;camera&quot;:&quot;iPhone SE (2nd generation)&quot;,&quot;caption&quot;:&quot;&quot;,&quot;created_timestamp&quot;:&quot;1630432080&quot;,&quot;copyright&quot;:&quot;&quot;,&quot;focal_length&quot;:&quot;3.99&quot;,&quot;iso&quot;:&quot;20&quot;,&quot;shutter_speed&quot;:&quot;0.0002050020500205&quot;,&quot;title&quot;:&quot;&quot;,&quot;orientation&quot;:&quot;1&quot;}\" data-image-title=\"RoseImDach\" data-image-description=\"\" data-image-caption=\"&lt;p&gt;So begr\u00fc\u00dft man die Sonne&lt;\/p&gt;\n\" data-medium-file=\"https:\/\/i0.wp.com\/xn--lfsreisen-z7a.de\/wp-content\/uploads\/2021\/09\/RoseImDach-scaled.jpg?fit=225%2C300&amp;ssl=1\" data-large-file=\"https:\/\/i0.wp.com\/xn--lfsreisen-z7a.de\/wp-content\/uploads\/2021\/09\/RoseImDach-scaled.jpg?fit=700%2C933&amp;ssl=1\" src=\"https:\/\/i0.wp.com\/xn--lfsreisen-z7a.de\/wp-content\/uploads\/2021\/09\/RoseImDach.jpg?resize=700%2C933&#038;ssl=1\" alt=\"\" width=\"700\" height=\"933\" class=\"size-large wp-image-4254\" srcset=\"https:\/\/i0.wp.com\/xn--lfsreisen-z7a.de\/wp-content\/uploads\/2021\/09\/RoseImDach-scaled.jpg?resize=700%2C933&amp;ssl=1 700w, https:\/\/i0.wp.com\/xn--lfsreisen-z7a.de\/wp-content\/uploads\/2021\/09\/RoseImDach-scaled.jpg?resize=225%2C300&amp;ssl=1 225w, https:\/\/i0.wp.com\/xn--lfsreisen-z7a.de\/wp-content\/uploads\/2021\/09\/RoseImDach-scaled.jpg?resize=768%2C1024&amp;ssl=1 768w, https:\/\/i0.wp.com\/xn--lfsreisen-z7a.de\/wp-content\/uploads\/2021\/09\/RoseImDach-scaled.jpg?resize=1152%2C1536&amp;ssl=1 1152w, https:\/\/i0.wp.com\/xn--lfsreisen-z7a.de\/wp-content\/uploads\/2021\/09\/RoseImDach-scaled.jpg?resize=1536%2C2048&amp;ssl=1 1536w, https:\/\/i0.wp.com\/xn--lfsreisen-z7a.de\/wp-content\/uploads\/2021\/09\/RoseImDach-scaled.jpg?w=1920&amp;ssl=1 1920w\" sizes=\"auto, (max-width: 700px) 100vw, 700px\" \/><figcaption id=\"caption-attachment-4254\" class=\"wp-caption-text\">So begr\u00fc\u00dft man die Sonne<\/figcaption><\/figure>\n<figure id=\"attachment_4253\" aria-describedby=\"caption-attachment-4253\" style=\"width: 700px\" class=\"wp-caption aligncenter\"><img data-recalc-dims=\"1\" loading=\"lazy\" decoding=\"async\" data-attachment-id=\"4253\" data-permalink=\"https:\/\/xn--lfsreisen-z7a.de\/?attachment_id=4253\" data-orig-file=\"https:\/\/i0.wp.com\/xn--lfsreisen-z7a.de\/wp-content\/uploads\/2021\/09\/OelfFishEye-scaled.jpg?fit=1920%2C2560&amp;ssl=1\" data-orig-size=\"1920,2560\" data-comments-opened=\"1\" data-image-meta=\"{&quot;aperture&quot;:&quot;1.8&quot;,&quot;credit&quot;:&quot;&quot;,&quot;camera&quot;:&quot;iPhone SE (2nd generation)&quot;,&quot;caption&quot;:&quot;&quot;,&quot;created_timestamp&quot;:&quot;1630437339&quot;,&quot;copyright&quot;:&quot;&quot;,&quot;focal_length&quot;:&quot;3.99&quot;,&quot;iso&quot;:&quot;20&quot;,&quot;shutter_speed&quot;:&quot;0.0010090817356206&quot;,&quot;title&quot;:&quot;&quot;,&quot;orientation&quot;:&quot;1&quot;}\" data-image-title=\"\u00d6lfFishEye\" data-image-description=\"\" data-image-caption=\"&lt;p&gt;&#8230;und sch\u00f6ne Gr\u00fc\u00dfe von \u00d6lf&lt;\/p&gt;\n\" data-medium-file=\"https:\/\/i0.wp.com\/xn--lfsreisen-z7a.de\/wp-content\/uploads\/2021\/09\/OelfFishEye-scaled.jpg?fit=225%2C300&amp;ssl=1\" data-large-file=\"https:\/\/i0.wp.com\/xn--lfsreisen-z7a.de\/wp-content\/uploads\/2021\/09\/OelfFishEye-scaled.jpg?fit=700%2C933&amp;ssl=1\" src=\"https:\/\/i0.wp.com\/xn--lfsreisen-z7a.de\/wp-content\/uploads\/2021\/09\/OelfFishEye.jpg?resize=700%2C933&#038;ssl=1\" alt=\"\" width=\"700\" height=\"933\" class=\"size-large wp-image-4253\" srcset=\"https:\/\/i0.wp.com\/xn--lfsreisen-z7a.de\/wp-content\/uploads\/2021\/09\/OelfFishEye-scaled.jpg?resize=700%2C933&amp;ssl=1 700w, https:\/\/i0.wp.com\/xn--lfsreisen-z7a.de\/wp-content\/uploads\/2021\/09\/OelfFishEye-scaled.jpg?resize=225%2C300&amp;ssl=1 225w, https:\/\/i0.wp.com\/xn--lfsreisen-z7a.de\/wp-content\/uploads\/2021\/09\/OelfFishEye-scaled.jpg?resize=768%2C1024&amp;ssl=1 768w, https:\/\/i0.wp.com\/xn--lfsreisen-z7a.de\/wp-content\/uploads\/2021\/09\/OelfFishEye-scaled.jpg?resize=1152%2C1536&amp;ssl=1 1152w, https:\/\/i0.wp.com\/xn--lfsreisen-z7a.de\/wp-content\/uploads\/2021\/09\/OelfFishEye-scaled.jpg?resize=1536%2C2048&amp;ssl=1 1536w, https:\/\/i0.wp.com\/xn--lfsreisen-z7a.de\/wp-content\/uploads\/2021\/09\/OelfFishEye-scaled.jpg?w=1920&amp;ssl=1 1920w\" sizes=\"auto, (max-width: 700px) 100vw, 700px\" \/><figcaption id=\"caption-attachment-4253\" class=\"wp-caption-text\">&#8230;und sch\u00f6ne Gr\u00fc\u00dfe von \u00d6lf<\/figcaption><\/figure>\n<p>Um die n\u00e4here Umgebung rund um unseren Platz kennen zu lernen, machten wir am folgenden Tag unsere R\u00e4der klar und starteten auf eine kleine Erkundungstour. Und da muss man die Bretonen ja nun wirklich mal loben. Selbst auf dieser kleinen Runde warteten die amtlichen Stadt- und Wegenetzplaner mit einem sehr unterschiedlichen und dabei sehenswerten Streckenprofil auf. Da war es auch mehr als zu verschmerzen, dass der Wanderpfad direkt an der K\u00fcste f\u00fcr Radfahrer gesperrt war. Stattdessen wurden wir zun\u00e4chst auf vom Autoverkehr getrennten Wegen die K\u00fcste entlang gef\u00fchrt, schl\u00e4ngelten uns dann um einen Golfplatz herum \u00fcber kleine Str\u00e4\u00dfchen, vorbei an einem Steinbruch und immer wieder ging der Weg auch \u00fcber kleine, teilweise trampelpfad\u00e4hnliche, aber zumeist menschenleere Abschnitte, die die unterschiedlichen Ortschaften miteinander verbinden. Interessanterweise begannen rund 90 Prozent der Ortschaften auf unserem kleinen Ausflug mit &#8222;Ker&#8220;. Muss wohl irgendeine bretonische Bedeutung haben, dass Ansammlungen von mehr als f\u00fcnf H\u00e4usern wenigstens mit diesen drei Buchstaben gekennzeichnet werden.<\/p>\n<figure id=\"attachment_4252\" aria-describedby=\"caption-attachment-4252\" style=\"width: 700px\" class=\"wp-caption aligncenter\"><img data-recalc-dims=\"1\" loading=\"lazy\" decoding=\"async\" data-attachment-id=\"4252\" data-permalink=\"https:\/\/xn--lfsreisen-z7a.de\/?attachment_id=4252\" data-orig-file=\"https:\/\/i0.wp.com\/xn--lfsreisen-z7a.de\/wp-content\/uploads\/2021\/09\/Radtour-scaled.jpg?fit=2560%2C1920&amp;ssl=1\" data-orig-size=\"2560,1920\" data-comments-opened=\"1\" data-image-meta=\"{&quot;aperture&quot;:&quot;1.8&quot;,&quot;credit&quot;:&quot;&quot;,&quot;camera&quot;:&quot;iPhone SE (2nd generation)&quot;,&quot;caption&quot;:&quot;&quot;,&quot;created_timestamp&quot;:&quot;1630505283&quot;,&quot;copyright&quot;:&quot;&quot;,&quot;focal_length&quot;:&quot;3.99&quot;,&quot;iso&quot;:&quot;25&quot;,&quot;shutter_speed&quot;:&quot;0.00028801843317972&quot;,&quot;title&quot;:&quot;&quot;,&quot;orientation&quot;:&quot;1&quot;}\" data-image-title=\"Radtour\" data-image-description=\"\" data-image-caption=\"&lt;p&gt;Erkundungstour auf dem Rad&lt;\/p&gt;\n\" data-medium-file=\"https:\/\/i0.wp.com\/xn--lfsreisen-z7a.de\/wp-content\/uploads\/2021\/09\/Radtour-scaled.jpg?fit=300%2C225&amp;ssl=1\" data-large-file=\"https:\/\/i0.wp.com\/xn--lfsreisen-z7a.de\/wp-content\/uploads\/2021\/09\/Radtour-scaled.jpg?fit=700%2C525&amp;ssl=1\" src=\"https:\/\/i0.wp.com\/xn--lfsreisen-z7a.de\/wp-content\/uploads\/2021\/09\/Radtour.jpg?resize=700%2C525&#038;ssl=1\" alt=\"\" width=\"700\" height=\"525\" class=\"size-large wp-image-4252\" srcset=\"https:\/\/i0.wp.com\/xn--lfsreisen-z7a.de\/wp-content\/uploads\/2021\/09\/Radtour-scaled.jpg?resize=700%2C525&amp;ssl=1 700w, https:\/\/i0.wp.com\/xn--lfsreisen-z7a.de\/wp-content\/uploads\/2021\/09\/Radtour-scaled.jpg?resize=300%2C225&amp;ssl=1 300w, https:\/\/i0.wp.com\/xn--lfsreisen-z7a.de\/wp-content\/uploads\/2021\/09\/Radtour-scaled.jpg?resize=768%2C576&amp;ssl=1 768w, https:\/\/i0.wp.com\/xn--lfsreisen-z7a.de\/wp-content\/uploads\/2021\/09\/Radtour-scaled.jpg?resize=1536%2C1152&amp;ssl=1 1536w, https:\/\/i0.wp.com\/xn--lfsreisen-z7a.de\/wp-content\/uploads\/2021\/09\/Radtour-scaled.jpg?resize=2048%2C1536&amp;ssl=1 2048w, https:\/\/i0.wp.com\/xn--lfsreisen-z7a.de\/wp-content\/uploads\/2021\/09\/Radtour-scaled.jpg?w=2400&amp;ssl=1 2400w\" sizes=\"auto, (max-width: 700px) 100vw, 700px\" \/><figcaption id=\"caption-attachment-4252\" class=\"wp-caption-text\">Erkundungstour auf dem Rad<\/figcaption><\/figure>\n<p>Auch auf diesem Campingplatz zeigte sich so allm\u00e4hlich die Tatsache, dass die generelle Hauptreisezeit vorbei war. Den F\u00fcllungsgrad des Platzes w\u00fcrde ich mal als sehr angenehm bezeichnen. Man war nicht komplett einsam, aber es r\u00fcckte einem auch niemand \u00fcber Geb\u00fchr auf die Pelle. Der Start der Nebensaison lie\u00df sich auch recht gut an der Tatsache ablesen, dass der Sanit\u00e4rbereich f\u00fcr die M\u00e4nner kurzerhand ohne weitere Ank\u00fcndigung an unserem zweiten Tag geschlossen wurde. Ein entsprechendes Hinweisschild wurde erst deutlich sp\u00e4ter an Ort und Stelle aufgeh\u00e4ngt. Ob der eine oder andere Mann in der Zwischenzeit seine Notdurft in der angrenzenden Rabatte verrichtet hat, konnten und wollten wir lieber nicht erkennen. <\/p>\n<figure id=\"attachment_4242\" aria-describedby=\"caption-attachment-4242\" style=\"width: 700px\" class=\"wp-caption aligncenter\"><img data-recalc-dims=\"1\" loading=\"lazy\" decoding=\"async\" data-attachment-id=\"4242\" data-permalink=\"https:\/\/xn--lfsreisen-z7a.de\/?attachment_id=4242\" data-orig-file=\"https:\/\/i0.wp.com\/xn--lfsreisen-z7a.de\/wp-content\/uploads\/2021\/09\/StellplatzPloemeur-scaled.jpg?fit=2560%2C1920&amp;ssl=1\" data-orig-size=\"2560,1920\" data-comments-opened=\"1\" data-image-meta=\"{&quot;aperture&quot;:&quot;1.8&quot;,&quot;credit&quot;:&quot;&quot;,&quot;camera&quot;:&quot;iPhone SE (2nd generation)&quot;,&quot;caption&quot;:&quot;&quot;,&quot;created_timestamp&quot;:&quot;1630524064&quot;,&quot;copyright&quot;:&quot;&quot;,&quot;focal_length&quot;:&quot;3.99&quot;,&quot;iso&quot;:&quot;20&quot;,&quot;shutter_speed&quot;:&quot;0.00028801843317972&quot;,&quot;title&quot;:&quot;&quot;,&quot;orientation&quot;:&quot;1&quot;}\" data-image-title=\"StellplatzPloemeur\" data-image-description=\"\" data-image-caption=\"&lt;p&gt;Unser Stellplatz umrahmt von Hecken&lt;\/p&gt;\n\" data-medium-file=\"https:\/\/i0.wp.com\/xn--lfsreisen-z7a.de\/wp-content\/uploads\/2021\/09\/StellplatzPloemeur-scaled.jpg?fit=300%2C225&amp;ssl=1\" data-large-file=\"https:\/\/i0.wp.com\/xn--lfsreisen-z7a.de\/wp-content\/uploads\/2021\/09\/StellplatzPloemeur-scaled.jpg?fit=700%2C525&amp;ssl=1\" src=\"https:\/\/i0.wp.com\/xn--lfsreisen-z7a.de\/wp-content\/uploads\/2021\/09\/StellplatzPloemeur.jpg?resize=700%2C525&#038;ssl=1\" alt=\"\" width=\"700\" height=\"525\" class=\"size-large wp-image-4242\" srcset=\"https:\/\/i0.wp.com\/xn--lfsreisen-z7a.de\/wp-content\/uploads\/2021\/09\/StellplatzPloemeur-scaled.jpg?resize=700%2C525&amp;ssl=1 700w, https:\/\/i0.wp.com\/xn--lfsreisen-z7a.de\/wp-content\/uploads\/2021\/09\/StellplatzPloemeur-scaled.jpg?resize=300%2C225&amp;ssl=1 300w, https:\/\/i0.wp.com\/xn--lfsreisen-z7a.de\/wp-content\/uploads\/2021\/09\/StellplatzPloemeur-scaled.jpg?resize=768%2C576&amp;ssl=1 768w, https:\/\/i0.wp.com\/xn--lfsreisen-z7a.de\/wp-content\/uploads\/2021\/09\/StellplatzPloemeur-scaled.jpg?resize=1536%2C1152&amp;ssl=1 1536w, https:\/\/i0.wp.com\/xn--lfsreisen-z7a.de\/wp-content\/uploads\/2021\/09\/StellplatzPloemeur-scaled.jpg?resize=2048%2C1536&amp;ssl=1 2048w, https:\/\/i0.wp.com\/xn--lfsreisen-z7a.de\/wp-content\/uploads\/2021\/09\/StellplatzPloemeur-scaled.jpg?w=2400&amp;ssl=1 2400w\" sizes=\"auto, (max-width: 700px) 100vw, 700px\" \/><figcaption id=\"caption-attachment-4242\" class=\"wp-caption-text\">Unser Stellplatz umrahmt von Hecken<\/figcaption><\/figure>\n<figure id=\"attachment_4243\" aria-describedby=\"caption-attachment-4243\" style=\"width: 700px\" class=\"wp-caption aligncenter\"><img data-recalc-dims=\"1\" loading=\"lazy\" decoding=\"async\" data-attachment-id=\"4243\" data-permalink=\"https:\/\/xn--lfsreisen-z7a.de\/?attachment_id=4243\" data-orig-file=\"https:\/\/i0.wp.com\/xn--lfsreisen-z7a.de\/wp-content\/uploads\/2021\/09\/Fuellungsgrad-scaled.jpg?fit=2560%2C1920&amp;ssl=1\" data-orig-size=\"2560,1920\" data-comments-opened=\"1\" data-image-meta=\"{&quot;aperture&quot;:&quot;1.8&quot;,&quot;credit&quot;:&quot;&quot;,&quot;camera&quot;:&quot;iPhone SE (2nd generation)&quot;,&quot;caption&quot;:&quot;&quot;,&quot;created_timestamp&quot;:&quot;1630524082&quot;,&quot;copyright&quot;:&quot;&quot;,&quot;focal_length&quot;:&quot;3.99&quot;,&quot;iso&quot;:&quot;20&quot;,&quot;shutter_speed&quot;:&quot;0.00086505190311419&quot;,&quot;title&quot;:&quot;&quot;,&quot;orientation&quot;:&quot;1&quot;}\" data-image-title=\"F\u00fcllungsgrad\" data-image-description=\"\" data-image-caption=\"&lt;p&gt;Ansonsten angenehm wenig los auf dem Platz&lt;\/p&gt;\n\" data-medium-file=\"https:\/\/i0.wp.com\/xn--lfsreisen-z7a.de\/wp-content\/uploads\/2021\/09\/Fuellungsgrad-scaled.jpg?fit=300%2C225&amp;ssl=1\" data-large-file=\"https:\/\/i0.wp.com\/xn--lfsreisen-z7a.de\/wp-content\/uploads\/2021\/09\/Fuellungsgrad-scaled.jpg?fit=700%2C525&amp;ssl=1\" src=\"https:\/\/i0.wp.com\/xn--lfsreisen-z7a.de\/wp-content\/uploads\/2021\/09\/Fuellungsgrad.jpg?resize=700%2C525&#038;ssl=1\" alt=\"\" width=\"700\" height=\"525\" class=\"size-large wp-image-4243\" srcset=\"https:\/\/i0.wp.com\/xn--lfsreisen-z7a.de\/wp-content\/uploads\/2021\/09\/Fuellungsgrad-scaled.jpg?resize=700%2C525&amp;ssl=1 700w, https:\/\/i0.wp.com\/xn--lfsreisen-z7a.de\/wp-content\/uploads\/2021\/09\/Fuellungsgrad-scaled.jpg?resize=300%2C225&amp;ssl=1 300w, https:\/\/i0.wp.com\/xn--lfsreisen-z7a.de\/wp-content\/uploads\/2021\/09\/Fuellungsgrad-scaled.jpg?resize=768%2C576&amp;ssl=1 768w, https:\/\/i0.wp.com\/xn--lfsreisen-z7a.de\/wp-content\/uploads\/2021\/09\/Fuellungsgrad-scaled.jpg?resize=1536%2C1152&amp;ssl=1 1536w, https:\/\/i0.wp.com\/xn--lfsreisen-z7a.de\/wp-content\/uploads\/2021\/09\/Fuellungsgrad-scaled.jpg?resize=2048%2C1536&amp;ssl=1 2048w, https:\/\/i0.wp.com\/xn--lfsreisen-z7a.de\/wp-content\/uploads\/2021\/09\/Fuellungsgrad-scaled.jpg?w=2400&amp;ssl=1 2400w\" sizes=\"auto, (max-width: 700px) 100vw, 700px\" \/><figcaption id=\"caption-attachment-4243\" class=\"wp-caption-text\">Ansonsten angenehm wenig los auf dem Platz<\/figcaption><\/figure>\n<p>An den Str\u00e4nden der kleineren und kleinsten Buchten war die Nebensaison allerdings nur bis zum fr\u00fchen Nachmittag zu erkennen. Als wir nach unserer Radtour noch den Tag noch am Strand ausklingen lassen wollten, mussten wir feststellen, dass es noch gen\u00fcgend andere Leute in der Umgebung gab, die den gleichen Gedanken hegten. Die Str\u00e4nde, die auf unserer Tour mittags noch menschenleer aussahen, waren nun so sehr bev\u00f6lkert, dass man alle im letzten Jahr gelernten Abstandsregeln beinahe nicht mehr einhalten konnte. Wenn dann auch noch direkt vor einem im Wasser ein Mann gar nicht mehr aufh\u00f6ren mag zu husten, hofft man insgeheim, dass er nur bei seinen Planschereien im eiskalten Nass einen guten Schluck Salzwasser durch die Nase bekommen hat.<\/p>\n<p>Den Wanderweg an der K\u00fcste nahmen wir am Folgetag in Angriff. Der Weg f\u00fchrte tats\u00e4chlich zum allergr\u00f6\u00dften Teil direkt am Meer entlang. Teilweise wurde man sogar noch zwischen den G\u00e4rten der H\u00e4user mit Meerblick und der steinigen K\u00fcste selbst entlang gef\u00fchrt, so dass man mit besseren Franz\u00f6sischkenntnissen ohne Probleme einen Schnack \u00fcber den Gartenzaun bzw. mitunter auch direkt in das Esszimmer f\u00fchren k\u00f6nnte. Wir kamen in Le Cour\u00e9gant an einer Bucht vorbei, deren Sand in der Sonne f\u00f6rmlich glitzerte als h\u00e4tte ein rosafarbenes Einhorn Feenstaub dar\u00fcber zerst\u00e4ubt. An mehreren, dank der fr\u00fchen Stunde \u00fcbersichtlich gef\u00fcllten Badebuchten vorbei ging es weiter bis wir eine ganz kleine steinige, aber sch\u00f6ne Bucht f\u00fcr uns alleine hatten. Jutta ging dort todesmutig sogar zweimal kurz baden, obwohl die Wassertemperatur nur kurz \u00fcber dem Gefrierpunkt war. Beim Baden entdeckte sie ein schillerndes t\u00fcrkisfarbenes Band auf dem Meeresgrund. Da hoffen wir nun auf die tauchaffine Leserschaft, die uns bzgl. der Herkunft dieses Ph\u00e4nomens Licht ins Dunkel bringen k\u00f6nnte. Oder f\u00e4ngt hier der gekachelte Weg zur Majolika in Karlsruhe an?<\/p>\n<figure id=\"attachment_4244\" aria-describedby=\"caption-attachment-4244\" style=\"width: 700px\" class=\"wp-caption aligncenter\"><img data-recalc-dims=\"1\" loading=\"lazy\" decoding=\"async\" data-attachment-id=\"4244\" data-permalink=\"https:\/\/xn--lfsreisen-z7a.de\/?attachment_id=4244\" data-orig-file=\"https:\/\/i0.wp.com\/xn--lfsreisen-z7a.de\/wp-content\/uploads\/2021\/09\/LeuchturmKerroch-scaled.jpg?fit=2560%2C1920&amp;ssl=1\" data-orig-size=\"2560,1920\" data-comments-opened=\"1\" data-image-meta=\"{&quot;aperture&quot;:&quot;1.8&quot;,&quot;credit&quot;:&quot;&quot;,&quot;camera&quot;:&quot;iPhone SE (2nd generation)&quot;,&quot;caption&quot;:&quot;&quot;,&quot;created_timestamp&quot;:&quot;1630587553&quot;,&quot;copyright&quot;:&quot;&quot;,&quot;focal_length&quot;:&quot;3.99&quot;,&quot;iso&quot;:&quot;20&quot;,&quot;shutter_speed&quot;:&quot;0.00035001750087504&quot;,&quot;title&quot;:&quot;&quot;,&quot;orientation&quot;:&quot;1&quot;}\" data-image-title=\"LeuchturmKerroch\" data-image-description=\"\" data-image-caption=\"&lt;p&gt;Der Leuchtturm von Kerroc&#8217;h&lt;\/p&gt;\n\" data-medium-file=\"https:\/\/i0.wp.com\/xn--lfsreisen-z7a.de\/wp-content\/uploads\/2021\/09\/LeuchturmKerroch-scaled.jpg?fit=300%2C225&amp;ssl=1\" data-large-file=\"https:\/\/i0.wp.com\/xn--lfsreisen-z7a.de\/wp-content\/uploads\/2021\/09\/LeuchturmKerroch-scaled.jpg?fit=700%2C525&amp;ssl=1\" src=\"https:\/\/i0.wp.com\/xn--lfsreisen-z7a.de\/wp-content\/uploads\/2021\/09\/LeuchturmKerroch.jpg?resize=700%2C525&#038;ssl=1\" alt=\"\" width=\"700\" height=\"525\" class=\"size-large wp-image-4244\" srcset=\"https:\/\/i0.wp.com\/xn--lfsreisen-z7a.de\/wp-content\/uploads\/2021\/09\/LeuchturmKerroch-scaled.jpg?resize=700%2C525&amp;ssl=1 700w, https:\/\/i0.wp.com\/xn--lfsreisen-z7a.de\/wp-content\/uploads\/2021\/09\/LeuchturmKerroch-scaled.jpg?resize=300%2C225&amp;ssl=1 300w, https:\/\/i0.wp.com\/xn--lfsreisen-z7a.de\/wp-content\/uploads\/2021\/09\/LeuchturmKerroch-scaled.jpg?resize=768%2C576&amp;ssl=1 768w, https:\/\/i0.wp.com\/xn--lfsreisen-z7a.de\/wp-content\/uploads\/2021\/09\/LeuchturmKerroch-scaled.jpg?resize=1536%2C1152&amp;ssl=1 1536w, https:\/\/i0.wp.com\/xn--lfsreisen-z7a.de\/wp-content\/uploads\/2021\/09\/LeuchturmKerroch-scaled.jpg?resize=2048%2C1536&amp;ssl=1 2048w, https:\/\/i0.wp.com\/xn--lfsreisen-z7a.de\/wp-content\/uploads\/2021\/09\/LeuchturmKerroch-scaled.jpg?w=2400&amp;ssl=1 2400w\" sizes=\"auto, (max-width: 700px) 100vw, 700px\" \/><figcaption id=\"caption-attachment-4244\" class=\"wp-caption-text\">Der Leuchtturm von Kerroc&#8217;h<\/figcaption><\/figure>\n<figure id=\"attachment_4245\" aria-describedby=\"caption-attachment-4245\" style=\"width: 700px\" class=\"wp-caption aligncenter\"><img data-recalc-dims=\"1\" loading=\"lazy\" decoding=\"async\" data-attachment-id=\"4245\" data-permalink=\"https:\/\/xn--lfsreisen-z7a.de\/?attachment_id=4245\" data-orig-file=\"https:\/\/i0.wp.com\/xn--lfsreisen-z7a.de\/wp-content\/uploads\/2021\/09\/WanderungHeide-scaled.jpg?fit=2560%2C1920&amp;ssl=1\" data-orig-size=\"2560,1920\" data-comments-opened=\"1\" data-image-meta=\"{&quot;aperture&quot;:&quot;1.8&quot;,&quot;credit&quot;:&quot;&quot;,&quot;camera&quot;:&quot;iPhone SE (2nd generation)&quot;,&quot;caption&quot;:&quot;&quot;,&quot;created_timestamp&quot;:&quot;1630591366&quot;,&quot;copyright&quot;:&quot;&quot;,&quot;focal_length&quot;:&quot;3.99&quot;,&quot;iso&quot;:&quot;20&quot;,&quot;shutter_speed&quot;:&quot;0.00049407114624506&quot;,&quot;title&quot;:&quot;&quot;,&quot;orientation&quot;:&quot;1&quot;}\" data-image-title=\"WanderungHeide\" data-image-description=\"\" data-image-caption=\"\" data-medium-file=\"https:\/\/i0.wp.com\/xn--lfsreisen-z7a.de\/wp-content\/uploads\/2021\/09\/WanderungHeide-scaled.jpg?fit=300%2C225&amp;ssl=1\" data-large-file=\"https:\/\/i0.wp.com\/xn--lfsreisen-z7a.de\/wp-content\/uploads\/2021\/09\/WanderungHeide-scaled.jpg?fit=700%2C525&amp;ssl=1\" src=\"https:\/\/i0.wp.com\/xn--lfsreisen-z7a.de\/wp-content\/uploads\/2021\/09\/WanderungHeide.jpg?resize=700%2C525&#038;ssl=1\" alt=\"\" width=\"700\" height=\"525\" class=\"size-large wp-image-4245\" srcset=\"https:\/\/i0.wp.com\/xn--lfsreisen-z7a.de\/wp-content\/uploads\/2021\/09\/WanderungHeide-scaled.jpg?resize=700%2C525&amp;ssl=1 700w, https:\/\/i0.wp.com\/xn--lfsreisen-z7a.de\/wp-content\/uploads\/2021\/09\/WanderungHeide-scaled.jpg?resize=300%2C225&amp;ssl=1 300w, https:\/\/i0.wp.com\/xn--lfsreisen-z7a.de\/wp-content\/uploads\/2021\/09\/WanderungHeide-scaled.jpg?resize=768%2C576&amp;ssl=1 768w, https:\/\/i0.wp.com\/xn--lfsreisen-z7a.de\/wp-content\/uploads\/2021\/09\/WanderungHeide-scaled.jpg?resize=1536%2C1152&amp;ssl=1 1536w, https:\/\/i0.wp.com\/xn--lfsreisen-z7a.de\/wp-content\/uploads\/2021\/09\/WanderungHeide-scaled.jpg?resize=2048%2C1536&amp;ssl=1 2048w, https:\/\/i0.wp.com\/xn--lfsreisen-z7a.de\/wp-content\/uploads\/2021\/09\/WanderungHeide-scaled.jpg?w=2400&amp;ssl=1 2400w\" sizes=\"auto, (max-width: 700px) 100vw, 700px\" \/><figcaption id=\"caption-attachment-4245\" class=\"wp-caption-text\">Heidefl\u00e4chen entlang der K\u00fcste<\/figcaption><\/figure>\n<figure id=\"attachment_4250\" aria-describedby=\"caption-attachment-4250\" style=\"width: 700px\" class=\"wp-caption aligncenter\"><img data-recalc-dims=\"1\" loading=\"lazy\" decoding=\"async\" data-attachment-id=\"4250\" data-permalink=\"https:\/\/xn--lfsreisen-z7a.de\/?attachment_id=4250\" data-orig-file=\"https:\/\/i0.wp.com\/xn--lfsreisen-z7a.de\/wp-content\/uploads\/2021\/09\/Glitzerstrand-scaled.jpg?fit=2560%2C1788&amp;ssl=1\" data-orig-size=\"2560,1788\" data-comments-opened=\"1\" data-image-meta=\"{&quot;aperture&quot;:&quot;1.8&quot;,&quot;credit&quot;:&quot;&quot;,&quot;camera&quot;:&quot;iPhone SE (2nd generation)&quot;,&quot;caption&quot;:&quot;&quot;,&quot;created_timestamp&quot;:&quot;1630590147&quot;,&quot;copyright&quot;:&quot;&quot;,&quot;focal_length&quot;:&quot;3.99&quot;,&quot;iso&quot;:&quot;25&quot;,&quot;shutter_speed&quot;:&quot;0.00010199918400653&quot;,&quot;title&quot;:&quot;&quot;,&quot;orientation&quot;:&quot;1&quot;}\" data-image-title=\"Glitzerstrand\" data-image-description=\"\" data-image-caption=\"\" data-medium-file=\"https:\/\/i0.wp.com\/xn--lfsreisen-z7a.de\/wp-content\/uploads\/2021\/09\/Glitzerstrand-scaled.jpg?fit=300%2C210&amp;ssl=1\" data-large-file=\"https:\/\/i0.wp.com\/xn--lfsreisen-z7a.de\/wp-content\/uploads\/2021\/09\/Glitzerstrand-scaled.jpg?fit=700%2C489&amp;ssl=1\" src=\"https:\/\/i0.wp.com\/xn--lfsreisen-z7a.de\/wp-content\/uploads\/2021\/09\/Glitzerstrand.jpg?resize=700%2C489&#038;ssl=1\" alt=\"\" width=\"700\" height=\"489\" class=\"size-large wp-image-4250\" srcset=\"https:\/\/i0.wp.com\/xn--lfsreisen-z7a.de\/wp-content\/uploads\/2021\/09\/Glitzerstrand-scaled.jpg?resize=700%2C489&amp;ssl=1 700w, https:\/\/i0.wp.com\/xn--lfsreisen-z7a.de\/wp-content\/uploads\/2021\/09\/Glitzerstrand-scaled.jpg?resize=300%2C210&amp;ssl=1 300w, https:\/\/i0.wp.com\/xn--lfsreisen-z7a.de\/wp-content\/uploads\/2021\/09\/Glitzerstrand-scaled.jpg?resize=768%2C536&amp;ssl=1 768w, https:\/\/i0.wp.com\/xn--lfsreisen-z7a.de\/wp-content\/uploads\/2021\/09\/Glitzerstrand-scaled.jpg?resize=1536%2C1073&amp;ssl=1 1536w, https:\/\/i0.wp.com\/xn--lfsreisen-z7a.de\/wp-content\/uploads\/2021\/09\/Glitzerstrand-scaled.jpg?resize=2048%2C1430&amp;ssl=1 2048w, https:\/\/i0.wp.com\/xn--lfsreisen-z7a.de\/wp-content\/uploads\/2021\/09\/Glitzerstrand-scaled.jpg?w=2400&amp;ssl=1 2400w\" sizes=\"auto, (max-width: 700px) 100vw, 700px\" \/><figcaption id=\"caption-attachment-4250\" class=\"wp-caption-text\">Der Glitzerstrand<\/figcaption><\/figure>\n<figure id=\"attachment_4248\" aria-describedby=\"caption-attachment-4248\" style=\"width: 700px\" class=\"wp-caption aligncenter\"><img data-recalc-dims=\"1\" loading=\"lazy\" decoding=\"async\" data-attachment-id=\"4248\" data-permalink=\"https:\/\/xn--lfsreisen-z7a.de\/?attachment_id=4248\" data-orig-file=\"https:\/\/i0.wp.com\/xn--lfsreisen-z7a.de\/wp-content\/uploads\/2021\/09\/PrivatbuchtVonOben-scaled.jpg?fit=2560%2C1920&amp;ssl=1\" data-orig-size=\"2560,1920\" data-comments-opened=\"1\" data-image-meta=\"{&quot;aperture&quot;:&quot;1.8&quot;,&quot;credit&quot;:&quot;&quot;,&quot;camera&quot;:&quot;iPhone SE (2nd generation)&quot;,&quot;caption&quot;:&quot;&quot;,&quot;created_timestamp&quot;:&quot;1630598343&quot;,&quot;copyright&quot;:&quot;&quot;,&quot;focal_length&quot;:&quot;3.99&quot;,&quot;iso&quot;:&quot;20&quot;,&quot;shutter_speed&quot;:&quot;0.00029103608847497&quot;,&quot;title&quot;:&quot;&quot;,&quot;orientation&quot;:&quot;1&quot;}\" data-image-title=\"PrivatbuchtVonOben\" data-image-description=\"\" data-image-caption=\"\" data-medium-file=\"https:\/\/i0.wp.com\/xn--lfsreisen-z7a.de\/wp-content\/uploads\/2021\/09\/PrivatbuchtVonOben-scaled.jpg?fit=300%2C225&amp;ssl=1\" data-large-file=\"https:\/\/i0.wp.com\/xn--lfsreisen-z7a.de\/wp-content\/uploads\/2021\/09\/PrivatbuchtVonOben-scaled.jpg?fit=700%2C525&amp;ssl=1\" src=\"https:\/\/i0.wp.com\/xn--lfsreisen-z7a.de\/wp-content\/uploads\/2021\/09\/PrivatbuchtVonOben.jpg?resize=700%2C525&#038;ssl=1\" alt=\"\" width=\"700\" height=\"525\" class=\"size-large wp-image-4248\" srcset=\"https:\/\/i0.wp.com\/xn--lfsreisen-z7a.de\/wp-content\/uploads\/2021\/09\/PrivatbuchtVonOben-scaled.jpg?resize=700%2C525&amp;ssl=1 700w, https:\/\/i0.wp.com\/xn--lfsreisen-z7a.de\/wp-content\/uploads\/2021\/09\/PrivatbuchtVonOben-scaled.jpg?resize=300%2C225&amp;ssl=1 300w, https:\/\/i0.wp.com\/xn--lfsreisen-z7a.de\/wp-content\/uploads\/2021\/09\/PrivatbuchtVonOben-scaled.jpg?resize=768%2C576&amp;ssl=1 768w, https:\/\/i0.wp.com\/xn--lfsreisen-z7a.de\/wp-content\/uploads\/2021\/09\/PrivatbuchtVonOben-scaled.jpg?resize=1536%2C1152&amp;ssl=1 1536w, https:\/\/i0.wp.com\/xn--lfsreisen-z7a.de\/wp-content\/uploads\/2021\/09\/PrivatbuchtVonOben-scaled.jpg?resize=2048%2C1536&amp;ssl=1 2048w, https:\/\/i0.wp.com\/xn--lfsreisen-z7a.de\/wp-content\/uploads\/2021\/09\/PrivatbuchtVonOben-scaled.jpg?w=2400&amp;ssl=1 2400w\" sizes=\"auto, (max-width: 700px) 100vw, 700px\" \/><figcaption id=\"caption-attachment-4248\" class=\"wp-caption-text\">Unsere Privatbucht<\/figcaption><\/figure>\n<figure id=\"attachment_4255\" aria-describedby=\"caption-attachment-4255\" style=\"width: 700px\" class=\"wp-caption aligncenter\"><img data-recalc-dims=\"1\" loading=\"lazy\" decoding=\"async\" data-attachment-id=\"4255\" data-permalink=\"https:\/\/xn--lfsreisen-z7a.de\/?attachment_id=4255\" data-orig-file=\"https:\/\/i0.wp.com\/xn--lfsreisen-z7a.de\/wp-content\/uploads\/2021\/09\/PrivatbuchtNeu-scaled.jpg?fit=2560%2C1795&amp;ssl=1\" data-orig-size=\"2560,1795\" data-comments-opened=\"1\" data-image-meta=\"{&quot;aperture&quot;:&quot;1.8&quot;,&quot;credit&quot;:&quot;&quot;,&quot;camera&quot;:&quot;iPhone SE (2nd generation)&quot;,&quot;caption&quot;:&quot;&quot;,&quot;created_timestamp&quot;:&quot;1630591582&quot;,&quot;copyright&quot;:&quot;&quot;,&quot;focal_length&quot;:&quot;3.99&quot;,&quot;iso&quot;:&quot;20&quot;,&quot;shutter_speed&quot;:&quot;0.00025&quot;,&quot;title&quot;:&quot;&quot;,&quot;orientation&quot;:&quot;1&quot;}\" data-image-title=\"PrivatbuchtNeu\" data-image-description=\"\" data-image-caption=\"\" data-medium-file=\"https:\/\/i0.wp.com\/xn--lfsreisen-z7a.de\/wp-content\/uploads\/2021\/09\/PrivatbuchtNeu-scaled.jpg?fit=300%2C210&amp;ssl=1\" data-large-file=\"https:\/\/i0.wp.com\/xn--lfsreisen-z7a.de\/wp-content\/uploads\/2021\/09\/PrivatbuchtNeu-scaled.jpg?fit=700%2C491&amp;ssl=1\" src=\"https:\/\/i0.wp.com\/xn--lfsreisen-z7a.de\/wp-content\/uploads\/2021\/09\/PrivatbuchtNeu.jpg?resize=700%2C491&#038;ssl=1\" alt=\"\" width=\"700\" height=\"491\" class=\"size-large wp-image-4255\" srcset=\"https:\/\/i0.wp.com\/xn--lfsreisen-z7a.de\/wp-content\/uploads\/2021\/09\/PrivatbuchtNeu-scaled.jpg?resize=700%2C491&amp;ssl=1 700w, https:\/\/i0.wp.com\/xn--lfsreisen-z7a.de\/wp-content\/uploads\/2021\/09\/PrivatbuchtNeu-scaled.jpg?resize=300%2C210&amp;ssl=1 300w, https:\/\/i0.wp.com\/xn--lfsreisen-z7a.de\/wp-content\/uploads\/2021\/09\/PrivatbuchtNeu-scaled.jpg?resize=768%2C538&amp;ssl=1 768w, https:\/\/i0.wp.com\/xn--lfsreisen-z7a.de\/wp-content\/uploads\/2021\/09\/PrivatbuchtNeu-scaled.jpg?resize=1536%2C1077&amp;ssl=1 1536w, https:\/\/i0.wp.com\/xn--lfsreisen-z7a.de\/wp-content\/uploads\/2021\/09\/PrivatbuchtNeu-scaled.jpg?resize=2048%2C1436&amp;ssl=1 2048w, https:\/\/i0.wp.com\/xn--lfsreisen-z7a.de\/wp-content\/uploads\/2021\/09\/PrivatbuchtNeu-scaled.jpg?w=2400&amp;ssl=1 2400w\" sizes=\"auto, (max-width: 700px) 100vw, 700px\" \/><figcaption id=\"caption-attachment-4255\" class=\"wp-caption-text\">Aus der Perspektive von \u00d6lf<\/figcaption><\/figure>\n<figure id=\"attachment_4258\" aria-describedby=\"caption-attachment-4258\" style=\"width: 700px\" class=\"wp-caption aligncenter\"><img data-recalc-dims=\"1\" loading=\"lazy\" decoding=\"async\" data-attachment-id=\"4258\" data-permalink=\"https:\/\/xn--lfsreisen-z7a.de\/?attachment_id=4258\" data-orig-file=\"https:\/\/i0.wp.com\/xn--lfsreisen-z7a.de\/wp-content\/uploads\/2021\/09\/PrivatbuchtVomWasser-scaled.jpg?fit=1920%2C2560&amp;ssl=1\" data-orig-size=\"1920,2560\" data-comments-opened=\"1\" data-image-meta=\"{&quot;aperture&quot;:&quot;1.8&quot;,&quot;credit&quot;:&quot;&quot;,&quot;camera&quot;:&quot;iPhone SE (2nd generation)&quot;,&quot;caption&quot;:&quot;&quot;,&quot;created_timestamp&quot;:&quot;1630594825&quot;,&quot;copyright&quot;:&quot;&quot;,&quot;focal_length&quot;:&quot;3.99&quot;,&quot;iso&quot;:&quot;20&quot;,&quot;shutter_speed&quot;:&quot;0.00072886297376093&quot;,&quot;title&quot;:&quot;&quot;,&quot;orientation&quot;:&quot;1&quot;}\" data-image-title=\"PrivatbuchtVomWasser\" data-image-description=\"\" data-image-caption=\"&lt;p&gt;Aus der Perspektive von Jutta&lt;\/p&gt;\n\" data-medium-file=\"https:\/\/i0.wp.com\/xn--lfsreisen-z7a.de\/wp-content\/uploads\/2021\/09\/PrivatbuchtVomWasser-scaled.jpg?fit=225%2C300&amp;ssl=1\" data-large-file=\"https:\/\/i0.wp.com\/xn--lfsreisen-z7a.de\/wp-content\/uploads\/2021\/09\/PrivatbuchtVomWasser-scaled.jpg?fit=700%2C933&amp;ssl=1\" src=\"https:\/\/i0.wp.com\/xn--lfsreisen-z7a.de\/wp-content\/uploads\/2021\/09\/PrivatbuchtVomWasser.jpg?resize=700%2C933&#038;ssl=1\" alt=\"\" width=\"700\" height=\"933\" class=\"size-large wp-image-4258\" srcset=\"https:\/\/i0.wp.com\/xn--lfsreisen-z7a.de\/wp-content\/uploads\/2021\/09\/PrivatbuchtVomWasser-scaled.jpg?resize=700%2C933&amp;ssl=1 700w, https:\/\/i0.wp.com\/xn--lfsreisen-z7a.de\/wp-content\/uploads\/2021\/09\/PrivatbuchtVomWasser-scaled.jpg?resize=225%2C300&amp;ssl=1 225w, https:\/\/i0.wp.com\/xn--lfsreisen-z7a.de\/wp-content\/uploads\/2021\/09\/PrivatbuchtVomWasser-scaled.jpg?resize=768%2C1024&amp;ssl=1 768w, https:\/\/i0.wp.com\/xn--lfsreisen-z7a.de\/wp-content\/uploads\/2021\/09\/PrivatbuchtVomWasser-scaled.jpg?resize=1152%2C1536&amp;ssl=1 1152w, https:\/\/i0.wp.com\/xn--lfsreisen-z7a.de\/wp-content\/uploads\/2021\/09\/PrivatbuchtVomWasser-scaled.jpg?resize=1536%2C2048&amp;ssl=1 1536w, https:\/\/i0.wp.com\/xn--lfsreisen-z7a.de\/wp-content\/uploads\/2021\/09\/PrivatbuchtVomWasser-scaled.jpg?w=1920&amp;ssl=1 1920w\" sizes=\"auto, (max-width: 700px) 100vw, 700px\" \/><figcaption id=\"caption-attachment-4258\" class=\"wp-caption-text\">Aus der Perspektive von Jutta<\/figcaption><\/figure>\n<figure id=\"attachment_4249\" aria-describedby=\"caption-attachment-4249\" style=\"width: 700px\" class=\"wp-caption aligncenter\"><img data-recalc-dims=\"1\" loading=\"lazy\" decoding=\"async\" data-attachment-id=\"4249\" data-permalink=\"https:\/\/xn--lfsreisen-z7a.de\/?attachment_id=4249\" data-orig-file=\"https:\/\/i0.wp.com\/xn--lfsreisen-z7a.de\/wp-content\/uploads\/2021\/09\/Das-tuerkisfarbene-Band-scaled.jpg?fit=1920%2C2560&amp;ssl=1\" data-orig-size=\"1920,2560\" data-comments-opened=\"1\" data-image-meta=\"{&quot;aperture&quot;:&quot;1.8&quot;,&quot;credit&quot;:&quot;&quot;,&quot;camera&quot;:&quot;iPhone SE (2nd generation)&quot;,&quot;caption&quot;:&quot;&quot;,&quot;created_timestamp&quot;:&quot;1630595049&quot;,&quot;copyright&quot;:&quot;&quot;,&quot;focal_length&quot;:&quot;3.99&quot;,&quot;iso&quot;:&quot;20&quot;,&quot;shutter_speed&quot;:&quot;0.0008130081300813&quot;,&quot;title&quot;:&quot;&quot;,&quot;orientation&quot;:&quot;1&quot;}\" data-image-title=\"Das t\u00fcrkisfarbene Band\" data-image-description=\"\" data-image-caption=\"&lt;p&gt;Das t\u00fcrkisfarbene Band&lt;\/p&gt;\n\" data-medium-file=\"https:\/\/i0.wp.com\/xn--lfsreisen-z7a.de\/wp-content\/uploads\/2021\/09\/Das-tuerkisfarbene-Band-scaled.jpg?fit=225%2C300&amp;ssl=1\" data-large-file=\"https:\/\/i0.wp.com\/xn--lfsreisen-z7a.de\/wp-content\/uploads\/2021\/09\/Das-tuerkisfarbene-Band-scaled.jpg?fit=700%2C933&amp;ssl=1\" src=\"https:\/\/i0.wp.com\/xn--lfsreisen-z7a.de\/wp-content\/uploads\/2021\/09\/Das-tuerkisfarbene-Band.jpg?resize=700%2C933&#038;ssl=1\" alt=\"\" width=\"700\" height=\"933\" class=\"size-large wp-image-4249\" srcset=\"https:\/\/i0.wp.com\/xn--lfsreisen-z7a.de\/wp-content\/uploads\/2021\/09\/Das-tuerkisfarbene-Band-scaled.jpg?resize=700%2C933&amp;ssl=1 700w, https:\/\/i0.wp.com\/xn--lfsreisen-z7a.de\/wp-content\/uploads\/2021\/09\/Das-tuerkisfarbene-Band-scaled.jpg?resize=225%2C300&amp;ssl=1 225w, https:\/\/i0.wp.com\/xn--lfsreisen-z7a.de\/wp-content\/uploads\/2021\/09\/Das-tuerkisfarbene-Band-scaled.jpg?resize=768%2C1024&amp;ssl=1 768w, https:\/\/i0.wp.com\/xn--lfsreisen-z7a.de\/wp-content\/uploads\/2021\/09\/Das-tuerkisfarbene-Band-scaled.jpg?resize=1152%2C1536&amp;ssl=1 1152w, https:\/\/i0.wp.com\/xn--lfsreisen-z7a.de\/wp-content\/uploads\/2021\/09\/Das-tuerkisfarbene-Band-scaled.jpg?resize=1536%2C2048&amp;ssl=1 1536w, https:\/\/i0.wp.com\/xn--lfsreisen-z7a.de\/wp-content\/uploads\/2021\/09\/Das-tuerkisfarbene-Band-scaled.jpg?w=1920&amp;ssl=1 1920w\" sizes=\"auto, (max-width: 700px) 100vw, 700px\" \/><figcaption id=\"caption-attachment-4249\" class=\"wp-caption-text\">Das t\u00fcrkisfarbene Band<\/figcaption><\/figure>\n<p>An den ersten beiden Abenden konnten wir vom Panoramadach unseres SpaceCamper aus, \u00fcber die den Campingplatz begrenzende Hecke hinweg, unseren Blick \u00fcber ein Maisfeld bis zum Meer schweifen lassen und dahinter die Sonne am Horizont verschwinden sehen. Da w\u00fcrde selbst der hartgesottenste Empathielegasteniker zum dahinschmelzenden Romantiker werden. Insbesondere wenn dann auch noch Zig, ach was, Hunderte von Schwalben in wilden Bahnen \u00fcber das Maisfeld kreisen, dass es nur so eine Art war. <\/p>\n<figure id=\"attachment_4251\" aria-describedby=\"caption-attachment-4251\" style=\"width: 700px\" class=\"wp-caption aligncenter\"><img data-recalc-dims=\"1\" loading=\"lazy\" decoding=\"async\" data-attachment-id=\"4251\" data-permalink=\"https:\/\/xn--lfsreisen-z7a.de\/?attachment_id=4251\" data-orig-file=\"https:\/\/i0.wp.com\/xn--lfsreisen-z7a.de\/wp-content\/uploads\/2021\/09\/SonnenuntergangMaisfeld-scaled.jpg?fit=2560%2C1920&amp;ssl=1\" data-orig-size=\"2560,1920\" data-comments-opened=\"1\" data-image-meta=\"{&quot;aperture&quot;:&quot;1.8&quot;,&quot;credit&quot;:&quot;&quot;,&quot;camera&quot;:&quot;iPhone SE (2nd generation)&quot;,&quot;caption&quot;:&quot;&quot;,&quot;created_timestamp&quot;:&quot;1630529082&quot;,&quot;copyright&quot;:&quot;&quot;,&quot;focal_length&quot;:&quot;3.99&quot;,&quot;iso&quot;:&quot;20&quot;,&quot;shutter_speed&quot;:&quot;0.002262443438914&quot;,&quot;title&quot;:&quot;&quot;,&quot;orientation&quot;:&quot;1&quot;}\" data-image-title=\"SonnenuntergangMaisfeld\" data-image-description=\"\" data-image-caption=\"&lt;p&gt;Sonnenuntergang aus dem Panoramadach&lt;\/p&gt;\n\" data-medium-file=\"https:\/\/i0.wp.com\/xn--lfsreisen-z7a.de\/wp-content\/uploads\/2021\/09\/SonnenuntergangMaisfeld-scaled.jpg?fit=300%2C225&amp;ssl=1\" data-large-file=\"https:\/\/i0.wp.com\/xn--lfsreisen-z7a.de\/wp-content\/uploads\/2021\/09\/SonnenuntergangMaisfeld-scaled.jpg?fit=700%2C525&amp;ssl=1\" src=\"https:\/\/i0.wp.com\/xn--lfsreisen-z7a.de\/wp-content\/uploads\/2021\/09\/SonnenuntergangMaisfeld.jpg?resize=700%2C525&#038;ssl=1\" alt=\"\" width=\"700\" height=\"525\" class=\"size-large wp-image-4251\" srcset=\"https:\/\/i0.wp.com\/xn--lfsreisen-z7a.de\/wp-content\/uploads\/2021\/09\/SonnenuntergangMaisfeld-scaled.jpg?resize=700%2C525&amp;ssl=1 700w, https:\/\/i0.wp.com\/xn--lfsreisen-z7a.de\/wp-content\/uploads\/2021\/09\/SonnenuntergangMaisfeld-scaled.jpg?resize=300%2C225&amp;ssl=1 300w, https:\/\/i0.wp.com\/xn--lfsreisen-z7a.de\/wp-content\/uploads\/2021\/09\/SonnenuntergangMaisfeld-scaled.jpg?resize=768%2C576&amp;ssl=1 768w, https:\/\/i0.wp.com\/xn--lfsreisen-z7a.de\/wp-content\/uploads\/2021\/09\/SonnenuntergangMaisfeld-scaled.jpg?resize=1536%2C1152&amp;ssl=1 1536w, https:\/\/i0.wp.com\/xn--lfsreisen-z7a.de\/wp-content\/uploads\/2021\/09\/SonnenuntergangMaisfeld-scaled.jpg?resize=2048%2C1536&amp;ssl=1 2048w, https:\/\/i0.wp.com\/xn--lfsreisen-z7a.de\/wp-content\/uploads\/2021\/09\/SonnenuntergangMaisfeld-scaled.jpg?w=2400&amp;ssl=1 2400w\" sizes=\"auto, (max-width: 700px) 100vw, 700px\" \/><figcaption id=\"caption-attachment-4251\" class=\"wp-caption-text\">Sonnenuntergang aus dem Panoramadach<\/figcaption><\/figure>\n<p>Am dritten Abend fehlten dann zu unserem Erstaunen auf einmal die Schwalben am Himmel. Zu unserem noch gr\u00f6\u00dferen Erstaunen h\u00f6rte man pl\u00f6tzlich eine Art Regenprasseln, obwohl nach wie vor keine Wolke am Himmel war. Auf den zweiten Blick wandelte sich das Erstaunen in Entsetzen, da es sich nicht um Regentropfen handelte, die vom Himmel fielen, sondern etliche herabst\u00fcrzende Paare von fliegenden Ameisen. Jetzt kenne ich nicht die N\u00e4hrstoffangaben von fliegenden Ameisen, aber in meinem Abendessen wollte ich sie dann doch nicht haben, und noch weniger in meinem Wei\u00dfwein.Da mussten man schon sehr schnell sein mit Deckeln und anderen Schutzvorrichtungen. Es waren auch so viele davon, dass sich die Schwalben vermutlich zuvor schon die M\u00e4gen damit vollgeschlagen hatten und nun komat\u00f6s irgendwo am Rande des Maisfeld kauerten. <\/p>\n<p>Vielleicht waren das aber auch nur die Vorboten einer neuerlichen Wetterverschlechterung. Denn am Freitagmorgen begr\u00fc\u00dfte uns auf einmal nicht mehr die Sonne zum Fr\u00fchst\u00fcck. Es wurde also mal wieder Zeit f\u00fcr einen Ortswechsel.<\/p>\n<h5>Statistik<\/h5>\n<p><b>\u00dc20:<\/b> <span style=\"color:#3366ff;\">31.08.2021 -&gt; 01.09.2021 in Ploemeur (170.062 km)<\/span><br \/>\n<b>\u00dc21:<\/b> <span style=\"color:#3366ff;\">01.09.2021 -&gt; 02.09.2021 in Ploemeur (170.062 km)<\/span><br \/>\n<b>\u00dc22:<\/b> <span style=\"color:#3366ff;\">02.09.2021 -&gt; 03.09.2021 in Ploemeur (170.062 km)<\/span><\/p>\n","protected":false},"excerpt":{"rendered":"<p>Die Nacht war sehr turbulent. Der oben bereits angesprochene angetrunkene Oktoberfestbesucher h\u00e4tte sein eigenes Schwanken nur mit dem Schaukeln des Campers synchronisieren m\u00fcssen und schon h\u00e4tte er geschlafen, wie man so sch\u00f6n sagt, wie in Abrahams Scho\u00df. Doch leider h\u00e4tten wir, selbst wenn wir es gewollt h\u00e4tten, in der K\u00fcrze der Zeit gar nicht so [&hellip;]<\/p>\n","protected":false},"author":1,"featured_media":4247,"comment_status":"open","ping_status":"open","sticky":false,"template":"","format":"standard","meta":{"ocean_post_layout":"","ocean_both_sidebars_style":"","ocean_both_sidebars_content_width":0,"ocean_both_sidebars_sidebars_width":0,"ocean_sidebar":"","ocean_second_sidebar":"","ocean_disable_margins":"enable","ocean_add_body_class":"","ocean_shortcode_before_top_bar":"","ocean_shortcode_after_top_bar":"","ocean_shortcode_before_header":"","ocean_shortcode_after_header":"","ocean_has_shortcode":"","ocean_shortcode_after_title":"","ocean_shortcode_before_footer_widgets":"","ocean_shortcode_after_footer_widgets":"","ocean_shortcode_before_footer_bottom":"","ocean_shortcode_after_footer_bottom":"","ocean_display_top_bar":"default","ocean_display_header":"default","ocean_header_style":"","ocean_center_header_left_menu":"","ocean_custom_header_template":"","ocean_custom_logo":0,"ocean_custom_retina_logo":0,"ocean_custom_logo_max_width":0,"ocean_custom_logo_tablet_max_width":0,"ocean_custom_logo_mobile_max_width":0,"ocean_custom_logo_max_height":0,"ocean_custom_logo_tablet_max_height":0,"ocean_custom_logo_mobile_max_height":0,"ocean_header_custom_menu":"","ocean_menu_typo_font_family":"","ocean_menu_typo_font_subset":"","ocean_menu_typo_font_size":0,"ocean_menu_typo_font_size_tablet":0,"ocean_menu_typo_font_size_mobile":0,"ocean_menu_typo_font_size_unit":"px","ocean_menu_typo_font_weight":"","ocean_menu_typo_font_weight_tablet":"","ocean_menu_typo_font_weight_mobile":"","ocean_menu_typo_transform":"","ocean_menu_typo_transform_tablet":"","ocean_menu_typo_transform_mobile":"","ocean_menu_typo_line_height":0,"ocean_menu_typo_line_height_tablet":0,"ocean_menu_typo_line_height_mobile":0,"ocean_menu_typo_line_height_unit":"","ocean_menu_typo_spacing":0,"ocean_menu_typo_spacing_tablet":0,"ocean_menu_typo_spacing_mobile":0,"ocean_menu_typo_spacing_unit":"","ocean_menu_link_color":"","ocean_menu_link_color_hover":"","ocean_menu_link_color_active":"","ocean_menu_link_background":"","ocean_menu_link_hover_background":"","ocean_menu_link_active_background":"","ocean_menu_social_links_bg":"","ocean_menu_social_hover_links_bg":"","ocean_menu_social_links_color":"","ocean_menu_social_hover_links_color":"","ocean_disable_title":"default","ocean_disable_heading":"default","ocean_post_title":"","ocean_post_subheading":"","ocean_post_title_style":"","ocean_post_title_background_color":"","ocean_post_title_background":0,"ocean_post_title_bg_image_position":"","ocean_post_title_bg_image_attachment":"","ocean_post_title_bg_image_repeat":"","ocean_post_title_bg_image_size":"","ocean_post_title_height":0,"ocean_post_title_bg_overlay":0.5,"ocean_post_title_bg_overlay_color":"","ocean_disable_breadcrumbs":"default","ocean_breadcrumbs_color":"","ocean_breadcrumbs_separator_color":"","ocean_breadcrumbs_links_color":"","ocean_breadcrumbs_links_hover_color":"","ocean_display_footer_widgets":"default","ocean_display_footer_bottom":"default","ocean_custom_footer_template":"","jetpack_post_was_ever_published":false,"_jetpack_newsletter_access":"","_jetpack_dont_email_post_to_subs":false,"_jetpack_newsletter_tier_id":0,"_jetpack_memberships_contains_paywalled_content":false,"_jetpack_memberships_contains_paid_content":false,"ocean_post_oembed":"","ocean_post_self_hosted_media":"","ocean_post_video_embed":"","ocean_link_format":"","ocean_link_format_target":"self","ocean_quote_format":"","ocean_quote_format_link":"post","ocean_gallery_link_images":"on","ocean_gallery_id":[],"footnotes":"","jetpack_publicize_message":"","jetpack_publicize_feature_enabled":true,"jetpack_social_post_already_shared":true,"jetpack_social_options":{"image_generator_settings":{"template":"highway","default_image_id":0,"font":"","enabled":false},"version":2}},"categories":[93,1],"tags":[83,81],"class_list":["post-4240","post","type-post","status-publish","format-standard","has-post-thumbnail","hentry","category-frankreich-2021","category-reisen","tag-bretagne","tag-frankreich","entry","has-media"],"jetpack_publicize_connections":[],"jetpack_featured_media_url":"https:\/\/i0.wp.com\/xn--lfsreisen-z7a.de\/wp-content\/uploads\/2021\/09\/OelfInPrivatbucht-scaled.jpg?fit=2560%2C1920&ssl=1","jetpack_sharing_enabled":true,"jetpack_shortlink":"https:\/\/wp.me\/p8v7mw-16o","jetpack-related-posts":[],"_links":{"self":[{"href":"https:\/\/xn--lfsreisen-z7a.de\/index.php?rest_route=\/wp\/v2\/posts\/4240","targetHints":{"allow":["GET"]}}],"collection":[{"href":"https:\/\/xn--lfsreisen-z7a.de\/index.php?rest_route=\/wp\/v2\/posts"}],"about":[{"href":"https:\/\/xn--lfsreisen-z7a.de\/index.php?rest_route=\/wp\/v2\/types\/post"}],"author":[{"embeddable":true,"href":"https:\/\/xn--lfsreisen-z7a.de\/index.php?rest_route=\/wp\/v2\/users\/1"}],"replies":[{"embeddable":true,"href":"https:\/\/xn--lfsreisen-z7a.de\/index.php?rest_route=%2Fwp%2Fv2%2Fcomments&post=4240"}],"version-history":[{"count":4,"href":"https:\/\/xn--lfsreisen-z7a.de\/index.php?rest_route=\/wp\/v2\/posts\/4240\/revisions"}],"predecessor-version":[{"id":4259,"href":"https:\/\/xn--lfsreisen-z7a.de\/index.php?rest_route=\/wp\/v2\/posts\/4240\/revisions\/4259"}],"wp:featuredmedia":[{"embeddable":true,"href":"https:\/\/xn--lfsreisen-z7a.de\/index.php?rest_route=\/wp\/v2\/media\/4247"}],"wp:attachment":[{"href":"https:\/\/xn--lfsreisen-z7a.de\/index.php?rest_route=%2Fwp%2Fv2%2Fmedia&parent=4240"}],"wp:term":[{"taxonomy":"category","embeddable":true,"href":"https:\/\/xn--lfsreisen-z7a.de\/index.php?rest_route=%2Fwp%2Fv2%2Fcategories&post=4240"},{"taxonomy":"post_tag","embeddable":true,"href":"https:\/\/xn--lfsreisen-z7a.de\/index.php?rest_route=%2Fwp%2Fv2%2Ftags&post=4240"}],"curies":[{"name":"wp","href":"https:\/\/api.w.org\/{rel}","templated":true}]}}