{"id":3095,"date":"2018-07-29T22:49:22","date_gmt":"2018-07-29T20:49:22","guid":{"rendered":"http:\/\/xn--lfsreisen-z7a.de\/?p=3095"},"modified":"2018-08-07T22:53:26","modified_gmt":"2018-08-07T20:53:26","slug":"das-sommerliche-bierfiasko","status":"publish","type":"post","link":"https:\/\/xn--lfsreisen-z7a.de\/?p=3095","title":{"rendered":"Das sommerliche Bierfiasko"},"content":{"rendered":"<p>Der Sommer in diesem Jahr ist tats\u00e4chlich bislang unerbittlich. Eine kaum zu ertragende, immer stickiger werdende Hitze legt sich \u00fcber das ganze Land und l\u00e4sst kaum noch Zeit zum Durchschnaufen. Nicht mal die sonst so \u00fcblichen W\u00e4rmegewitter zeigen sich und k\u00f6nnen somit auch keine latente Abk\u00fchlung vorgaukeln. Aber man m\u00f6chte sich ja auch nicht beklagen, dass 2018 die korrekte Antwort auf die vor Jahren von Rudi Carell gestellte Frage nach dem n\u00e4chsten richtigen Sommer ist. <\/p>\n<p>Auf der anderen Seite h\u00e4tte man aber wiederum gen\u00fcgend Spielraum sich zu beklagen, da am Samstag die kirchliche Trauung von Isabel und Hermann mit anschlie\u00dfender Hochzeitsfeier auf Schloss Staufenberg statt fand. Traditionell bevorzugt der Mann von Welt zu einem solchen Anlass \u00fcblicherweise das lange Beinkleid nebst passendem Jackett bei hochgeschlossener Oberbekleidung und eng gebundener Krawatte. Doch die dr\u00fcckende Hitze machte mir urpl\u00f6tzlich klar, dass ich ganz offensichtlich zu einem guten Teil Australier bin. Diesem Ursprung folgend, w\u00e4hlte ich wenigstens f\u00fcr den nachmitt\u00e4glichen Teil der Veranstaltung wie selbstverst\u00e4ndlich doch die kurze Hose und lie\u00df auch das Sakko beiseite. Den einen oder anderen neidischen Blick aus der m\u00e4nnlichen G\u00e4steschar konnte man deutlich bemerken. Um diesen Umstand aber nicht \u00fcber Geb\u00fchr auszureizen, habe ich mich nat\u00fcrlich zur festlichen Abendveranstaltung doch noch in meinen neuen Anzug geworfen. <\/p>\n<figure id=\"attachment_3091\" aria-describedby=\"caption-attachment-3091\" style=\"width: 700px\" class=\"wp-caption aligncenter\"><img data-recalc-dims=\"1\" loading=\"lazy\" decoding=\"async\" data-attachment-id=\"3091\" data-permalink=\"https:\/\/xn--lfsreisen-z7a.de\/?attachment_id=3091\" data-orig-file=\"https:\/\/i0.wp.com\/xn--lfsreisen-z7a.de\/wp-content\/uploads\/2018\/08\/DerAustralier.jpg?fit=3024%2C4032&amp;ssl=1\" data-orig-size=\"3024,4032\" data-comments-opened=\"1\" data-image-meta=\"{&quot;aperture&quot;:&quot;2.2&quot;,&quot;credit&quot;:&quot;&quot;,&quot;camera&quot;:&quot;iPhone 6s&quot;,&quot;caption&quot;:&quot;&quot;,&quot;created_timestamp&quot;:&quot;1532783297&quot;,&quot;copyright&quot;:&quot;&quot;,&quot;focal_length&quot;:&quot;4.15&quot;,&quot;iso&quot;:&quot;25&quot;,&quot;shutter_speed&quot;:&quot;0.0040816326530612&quot;,&quot;title&quot;:&quot;&quot;,&quot;orientation&quot;:&quot;1&quot;}\" data-image-title=\"DerAustralier\" data-image-description=\"\" data-image-caption=\"&lt;p&gt;Der modische Australier&lt;\/p&gt;\n\" data-medium-file=\"https:\/\/i0.wp.com\/xn--lfsreisen-z7a.de\/wp-content\/uploads\/2018\/08\/DerAustralier.jpg?fit=225%2C300&amp;ssl=1\" data-large-file=\"https:\/\/i0.wp.com\/xn--lfsreisen-z7a.de\/wp-content\/uploads\/2018\/08\/DerAustralier.jpg?fit=700%2C933&amp;ssl=1\" src=\"https:\/\/i0.wp.com\/xn--lfsreisen-z7a.de\/wp-content\/uploads\/2018\/08\/DerAustralier.jpg?resize=700%2C933&#038;ssl=1\" alt=\"\" width=\"700\" height=\"933\" class=\"size-large wp-image-3091\" srcset=\"https:\/\/i0.wp.com\/xn--lfsreisen-z7a.de\/wp-content\/uploads\/2018\/08\/DerAustralier.jpg?resize=700%2C933&amp;ssl=1 700w, https:\/\/i0.wp.com\/xn--lfsreisen-z7a.de\/wp-content\/uploads\/2018\/08\/DerAustralier.jpg?resize=225%2C300&amp;ssl=1 225w, https:\/\/i0.wp.com\/xn--lfsreisen-z7a.de\/wp-content\/uploads\/2018\/08\/DerAustralier.jpg?resize=768%2C1024&amp;ssl=1 768w, https:\/\/i0.wp.com\/xn--lfsreisen-z7a.de\/wp-content\/uploads\/2018\/08\/DerAustralier.jpg?w=2400&amp;ssl=1 2400w\" sizes=\"auto, (max-width: 700px) 100vw, 700px\" \/><figcaption id=\"caption-attachment-3091\" class=\"wp-caption-text\">Der modische Australier<\/figcaption><\/figure>\n<p>Wer allerdings so gar nichts zu bemerken schien, war der gebuchte Fotograf, der die Hochzeitsgesellschaft den ganzen Tag begleiten sollte. Statt standesgem\u00e4\u00df bekleidet auf einer Hochzeit zu erscheinen, w\u00e4hlte der gute Mann den absoluten Schlabberlook als w\u00e4re er gerade direkt von einer dreiw\u00f6chigen Eselwanderung durch die Uckermark wiedergekommen. Genauso unpassend wie sein Outfit ausgesucht war genauso aufdringlich verhielt sich der Fotograf auch in der Kirche. Statt sich eher dezent und unsichtbar im Hintergrund aufzuhalten, sprang er vogelwild zwischen Brautpaar und den beiden Priestern hin und her bis er sich am Ende auf den Altartreppenstufen hingoss. Keiner h\u00e4tte sich gewundert, wenn ihn einer der beiden Kirchenm\u00e4nner des Platzes verwiesen h\u00e4tte. <\/p>\n<figure id=\"attachment_3092\" aria-describedby=\"caption-attachment-3092\" style=\"width: 700px\" class=\"wp-caption aligncenter\"><img data-recalc-dims=\"1\" loading=\"lazy\" decoding=\"async\" data-attachment-id=\"3092\" data-permalink=\"https:\/\/xn--lfsreisen-z7a.de\/?attachment_id=3092\" data-orig-file=\"https:\/\/i0.wp.com\/xn--lfsreisen-z7a.de\/wp-content\/uploads\/2018\/08\/DerFotograf.jpg?fit=4032%2C3024&amp;ssl=1\" data-orig-size=\"4032,3024\" data-comments-opened=\"1\" data-image-meta=\"{&quot;aperture&quot;:&quot;2.2&quot;,&quot;credit&quot;:&quot;&quot;,&quot;camera&quot;:&quot;iPhone 6s&quot;,&quot;caption&quot;:&quot;&quot;,&quot;created_timestamp&quot;:&quot;1532788351&quot;,&quot;copyright&quot;:&quot;&quot;,&quot;focal_length&quot;:&quot;4.15&quot;,&quot;iso&quot;:&quot;200&quot;,&quot;shutter_speed&quot;:&quot;0.03030303030303&quot;,&quot;title&quot;:&quot;&quot;,&quot;orientation&quot;:&quot;1&quot;}\" data-image-title=\"DerFotograf\" data-image-description=\"\" data-image-caption=\"&lt;p&gt;Mittendrin w\u00e4hrend der Trauung&lt;\/p&gt;\n\" data-medium-file=\"https:\/\/i0.wp.com\/xn--lfsreisen-z7a.de\/wp-content\/uploads\/2018\/08\/DerFotograf.jpg?fit=300%2C225&amp;ssl=1\" data-large-file=\"https:\/\/i0.wp.com\/xn--lfsreisen-z7a.de\/wp-content\/uploads\/2018\/08\/DerFotograf.jpg?fit=700%2C525&amp;ssl=1\" src=\"https:\/\/i0.wp.com\/xn--lfsreisen-z7a.de\/wp-content\/uploads\/2018\/08\/DerFotograf.jpg?resize=700%2C525&#038;ssl=1\" alt=\"\" width=\"700\" height=\"525\" class=\"size-large wp-image-3092\" srcset=\"https:\/\/i0.wp.com\/xn--lfsreisen-z7a.de\/wp-content\/uploads\/2018\/08\/DerFotograf.jpg?resize=700%2C525&amp;ssl=1 700w, https:\/\/i0.wp.com\/xn--lfsreisen-z7a.de\/wp-content\/uploads\/2018\/08\/DerFotograf.jpg?resize=300%2C225&amp;ssl=1 300w, https:\/\/i0.wp.com\/xn--lfsreisen-z7a.de\/wp-content\/uploads\/2018\/08\/DerFotograf.jpg?resize=768%2C576&amp;ssl=1 768w, https:\/\/i0.wp.com\/xn--lfsreisen-z7a.de\/wp-content\/uploads\/2018\/08\/DerFotograf.jpg?resize=120%2C90&amp;ssl=1 120w, https:\/\/i0.wp.com\/xn--lfsreisen-z7a.de\/wp-content\/uploads\/2018\/08\/DerFotograf.jpg?w=2400&amp;ssl=1 2400w, https:\/\/i0.wp.com\/xn--lfsreisen-z7a.de\/wp-content\/uploads\/2018\/08\/DerFotograf.jpg?w=3600&amp;ssl=1 3600w\" sizes=\"auto, (max-width: 700px) 100vw, 700px\" \/><figcaption id=\"caption-attachment-3092\" class=\"wp-caption-text\">Mittendrin w\u00e4hrend der Trauung<\/figcaption><\/figure>\n<p>Die Predigt selbst des \u00f6kumenischen Gottesdienstes von einem evangelischen und einem katholischen Priester war geradezu sensationell. Interessanterweise hatte insbesondere der katholische Priester eine sehr pers\u00f6nliche Ansprache vorbereitet, in der er sogar Vandalismus und Diebstahl eingestand als er einen Ast abs\u00e4gte und mitnahm, um ihn dem Brautpaar als Symbol f\u00fcr ihre Ehe zu schenken. Lange nicht so eine gute und kurzweilige Predigt geh\u00f6rt.<\/p>\n<p>Auf der anschlie\u00dfenden Feier auf Schloss Staufenberg begeisterte uns der Br\u00e4utigam mit einer fulminanten Rede \u00fcber seine liebreizende Braut. Nebenbei erw\u00e4hnte er, dass er wohl zu den wenigen Menschen auf dieser Welt geh\u00f6rt, die auch privat ein Flipchart besitzen und selbstredend auch einsetzen. Dank des ans Schloss angeschlossenen Weinguts wurden wir im Laufe des Abends vornehmlich mit Weinen versorgt. Die Eigenart dieser \u00d6rtlichkeit war jedoch, dass im Grunde ausschlie\u00dflich Wein feilgeboten wurde. Nur durch das im Vorfeld beherzt vorgetragene Veto des Br\u00e4utigams wurden \u00fcberhaupt ab dem sehr sp\u00e4ten Abend vereinzelt badische Kronenpils angeboten. Dies aber auch nur unter Protest und auf eindringliche Nachfrage der durstigen Bierliebhaber, denen der angebotene Wei\u00dfwein, insbesondere auch wegen der oben bereits erw\u00e4hnten sommerlichen Gesamtsituation, auch nicht die rechte Trinktemperatur aufweisen konnte.<\/p>\n<p>Nach einer langen und rauschenden Ballnacht mit einem tats\u00e4chlich sehr umtriebigen Plattenaufleger am Mischpult und netten G\u00e4sten standen wir schlie\u00dflich um halb f\u00fcnf unter der Dusche hinter unserem Spacecamper und reinigten notd\u00fcrftig unsere vom vielen Tanzen und der Hitze des Tages verschwitzten Leiber und gingen bei eingeschaltetem kleinen USB-Ventilator (unserer neuesten Errungenschaft) schlafen. Der Spacecamper stand zusammen mit dem Jolly von Nici und Steffen am Fu\u00dfe des Schlosses auf nicht ganz ebenem Untergrund, aber f\u00fcr eine Nacht vollkommen ausreichend gerade.<\/p>\n<figure id=\"attachment_3094\" aria-describedby=\"caption-attachment-3094\" style=\"width: 700px\" class=\"wp-caption aligncenter\"><img data-recalc-dims=\"1\" loading=\"lazy\" decoding=\"async\" data-attachment-id=\"3094\" data-permalink=\"https:\/\/xn--lfsreisen-z7a.de\/?attachment_id=3094\" data-orig-file=\"https:\/\/i0.wp.com\/xn--lfsreisen-z7a.de\/wp-content\/uploads\/2018\/08\/ParkplatzAmSchloss.jpg?fit=2100%2C1575&amp;ssl=1\" data-orig-size=\"2100,1575\" data-comments-opened=\"1\" data-image-meta=\"{&quot;aperture&quot;:&quot;2.2&quot;,&quot;credit&quot;:&quot;&quot;,&quot;camera&quot;:&quot;iPhone 6s&quot;,&quot;caption&quot;:&quot;&quot;,&quot;created_timestamp&quot;:&quot;1532864188&quot;,&quot;copyright&quot;:&quot;&quot;,&quot;focal_length&quot;:&quot;4.15&quot;,&quot;iso&quot;:&quot;25&quot;,&quot;shutter_speed&quot;:&quot;0.00076687116564417&quot;,&quot;title&quot;:&quot;&quot;,&quot;orientation&quot;:&quot;1&quot;}\" data-image-title=\"ParkplatzAmSchloss\" data-image-description=\"\" data-image-caption=\"&lt;p&gt;Der Schlafplatz&lt;\/p&gt;\n\" data-medium-file=\"https:\/\/i0.wp.com\/xn--lfsreisen-z7a.de\/wp-content\/uploads\/2018\/08\/ParkplatzAmSchloss.jpg?fit=300%2C225&amp;ssl=1\" data-large-file=\"https:\/\/i0.wp.com\/xn--lfsreisen-z7a.de\/wp-content\/uploads\/2018\/08\/ParkplatzAmSchloss.jpg?fit=700%2C525&amp;ssl=1\" src=\"https:\/\/i0.wp.com\/xn--lfsreisen-z7a.de\/wp-content\/uploads\/2018\/08\/ParkplatzAmSchloss.jpg?resize=700%2C525&#038;ssl=1\" alt=\"\" width=\"700\" height=\"525\" class=\"size-large wp-image-3094\" srcset=\"https:\/\/i0.wp.com\/xn--lfsreisen-z7a.de\/wp-content\/uploads\/2018\/08\/ParkplatzAmSchloss.jpg?resize=700%2C525&amp;ssl=1 700w, https:\/\/i0.wp.com\/xn--lfsreisen-z7a.de\/wp-content\/uploads\/2018\/08\/ParkplatzAmSchloss.jpg?resize=300%2C225&amp;ssl=1 300w, https:\/\/i0.wp.com\/xn--lfsreisen-z7a.de\/wp-content\/uploads\/2018\/08\/ParkplatzAmSchloss.jpg?resize=768%2C576&amp;ssl=1 768w, https:\/\/i0.wp.com\/xn--lfsreisen-z7a.de\/wp-content\/uploads\/2018\/08\/ParkplatzAmSchloss.jpg?resize=120%2C90&amp;ssl=1 120w\" sizes=\"auto, (max-width: 700px) 100vw, 700px\" \/><figcaption id=\"caption-attachment-3094\" class=\"wp-caption-text\">Der Schlafplatz<\/figcaption><\/figure>\n<p>Am n\u00e4chsten Morgen, der allerdings auch erst kurz vor der Mittagsstunde begann, genossen wir mit Nici und Steffen noch ein gem\u00fctliches Flammkuchen-Fr\u00fchst\u00fcck auf der Sonnenterrasse, ehe wir alle wieder zur\u00fcck nach Hause fuhren.<\/p>\n<h5>Statistik<\/h5>\n<p><b>\u00dc36:<\/b> <span style=\"color:#3366ff;\">28.07.2018 -&gt; 29.07.2018 in Durbach  (101.379 km)<\/span><\/p>\n","protected":false},"excerpt":{"rendered":"<p>Der Sommer in diesem Jahr ist tats\u00e4chlich bislang unerbittlich. Eine kaum zu ertragende, immer stickiger werdende Hitze legt sich \u00fcber das ganze Land und l\u00e4sst kaum noch Zeit zum Durchschnaufen. Nicht mal die sonst so \u00fcblichen W\u00e4rmegewitter zeigen sich und k\u00f6nnen somit auch keine latente Abk\u00fchlung vorgaukeln. Aber man m\u00f6chte sich ja auch nicht beklagen, [&hellip;]<\/p>\n","protected":false},"author":1,"featured_media":3093,"comment_status":"open","ping_status":"open","sticky":false,"template":"","format":"standard","meta":{"ocean_post_layout":"","ocean_both_sidebars_style":"","ocean_both_sidebars_content_width":0,"ocean_both_sidebars_sidebars_width":0,"ocean_sidebar":"","ocean_second_sidebar":"","ocean_disable_margins":"enable","ocean_add_body_class":"","ocean_shortcode_before_top_bar":"","ocean_shortcode_after_top_bar":"","ocean_shortcode_before_header":"","ocean_shortcode_after_header":"","ocean_has_shortcode":"","ocean_shortcode_after_title":"","ocean_shortcode_before_footer_widgets":"","ocean_shortcode_after_footer_widgets":"","ocean_shortcode_before_footer_bottom":"","ocean_shortcode_after_footer_bottom":"","ocean_display_top_bar":"default","ocean_display_header":"default","ocean_header_style":"","ocean_center_header_left_menu":"","ocean_custom_header_template":"","ocean_custom_logo":0,"ocean_custom_retina_logo":0,"ocean_custom_logo_max_width":0,"ocean_custom_logo_tablet_max_width":0,"ocean_custom_logo_mobile_max_width":0,"ocean_custom_logo_max_height":0,"ocean_custom_logo_tablet_max_height":0,"ocean_custom_logo_mobile_max_height":0,"ocean_header_custom_menu":"","ocean_menu_typo_font_family":"","ocean_menu_typo_font_subset":"","ocean_menu_typo_font_size":0,"ocean_menu_typo_font_size_tablet":0,"ocean_menu_typo_font_size_mobile":0,"ocean_menu_typo_font_size_unit":"px","ocean_menu_typo_font_weight":"","ocean_menu_typo_font_weight_tablet":"","ocean_menu_typo_font_weight_mobile":"","ocean_menu_typo_transform":"","ocean_menu_typo_transform_tablet":"","ocean_menu_typo_transform_mobile":"","ocean_menu_typo_line_height":0,"ocean_menu_typo_line_height_tablet":0,"ocean_menu_typo_line_height_mobile":0,"ocean_menu_typo_line_height_unit":"","ocean_menu_typo_spacing":0,"ocean_menu_typo_spacing_tablet":0,"ocean_menu_typo_spacing_mobile":0,"ocean_menu_typo_spacing_unit":"","ocean_menu_link_color":"","ocean_menu_link_color_hover":"","ocean_menu_link_color_active":"","ocean_menu_link_background":"","ocean_menu_link_hover_background":"","ocean_menu_link_active_background":"","ocean_menu_social_links_bg":"","ocean_menu_social_hover_links_bg":"","ocean_menu_social_links_color":"","ocean_menu_social_hover_links_color":"","ocean_disable_title":"default","ocean_disable_heading":"default","ocean_post_title":"","ocean_post_subheading":"","ocean_post_title_style":"","ocean_post_title_background_color":"","ocean_post_title_background":0,"ocean_post_title_bg_image_position":"","ocean_post_title_bg_image_attachment":"","ocean_post_title_bg_image_repeat":"","ocean_post_title_bg_image_size":"","ocean_post_title_height":0,"ocean_post_title_bg_overlay":0.5,"ocean_post_title_bg_overlay_color":"","ocean_disable_breadcrumbs":"default","ocean_breadcrumbs_color":"","ocean_breadcrumbs_separator_color":"","ocean_breadcrumbs_links_color":"","ocean_breadcrumbs_links_hover_color":"","ocean_display_footer_widgets":"default","ocean_display_footer_bottom":"default","ocean_custom_footer_template":"","jetpack_post_was_ever_published":false,"_jetpack_newsletter_access":"","_jetpack_dont_email_post_to_subs":false,"_jetpack_newsletter_tier_id":0,"_jetpack_memberships_contains_paywalled_content":false,"_jetpack_memberships_contains_paid_content":false,"ocean_post_oembed":"","ocean_post_self_hosted_media":"","ocean_post_video_embed":"","ocean_link_format":"","ocean_link_format_target":"self","ocean_quote_format":"","ocean_quote_format_link":"post","ocean_gallery_link_images":"on","ocean_gallery_id":[],"footnotes":"","jetpack_publicize_message":"","jetpack_publicize_feature_enabled":true,"jetpack_social_post_already_shared":true,"jetpack_social_options":{"image_generator_settings":{"template":"highway","default_image_id":0,"font":"","enabled":false},"version":2}},"categories":[1],"tags":[65],"class_list":["post-3095","post","type-post","status-publish","format-standard","has-post-thumbnail","hentry","category-reisen","tag-durbach","entry","has-media"],"jetpack_publicize_connections":[],"jetpack_featured_media_url":"https:\/\/i0.wp.com\/xn--lfsreisen-z7a.de\/wp-content\/uploads\/2018\/08\/SchlossStaufenberg.jpg?fit=4032%2C3024&ssl=1","jetpack_sharing_enabled":true,"jetpack_shortlink":"https:\/\/wp.me\/p8v7mw-NV","jetpack-related-posts":[],"_links":{"self":[{"href":"https:\/\/xn--lfsreisen-z7a.de\/index.php?rest_route=\/wp\/v2\/posts\/3095","targetHints":{"allow":["GET"]}}],"collection":[{"href":"https:\/\/xn--lfsreisen-z7a.de\/index.php?rest_route=\/wp\/v2\/posts"}],"about":[{"href":"https:\/\/xn--lfsreisen-z7a.de\/index.php?rest_route=\/wp\/v2\/types\/post"}],"author":[{"embeddable":true,"href":"https:\/\/xn--lfsreisen-z7a.de\/index.php?rest_route=\/wp\/v2\/users\/1"}],"replies":[{"embeddable":true,"href":"https:\/\/xn--lfsreisen-z7a.de\/index.php?rest_route=%2Fwp%2Fv2%2Fcomments&post=3095"}],"version-history":[{"count":3,"href":"https:\/\/xn--lfsreisen-z7a.de\/index.php?rest_route=\/wp\/v2\/posts\/3095\/revisions"}],"predecessor-version":[{"id":3099,"href":"https:\/\/xn--lfsreisen-z7a.de\/index.php?rest_route=\/wp\/v2\/posts\/3095\/revisions\/3099"}],"wp:featuredmedia":[{"embeddable":true,"href":"https:\/\/xn--lfsreisen-z7a.de\/index.php?rest_route=\/wp\/v2\/media\/3093"}],"wp:attachment":[{"href":"https:\/\/xn--lfsreisen-z7a.de\/index.php?rest_route=%2Fwp%2Fv2%2Fmedia&parent=3095"}],"wp:term":[{"taxonomy":"category","embeddable":true,"href":"https:\/\/xn--lfsreisen-z7a.de\/index.php?rest_route=%2Fwp%2Fv2%2Fcategories&post=3095"},{"taxonomy":"post_tag","embeddable":true,"href":"https:\/\/xn--lfsreisen-z7a.de\/index.php?rest_route=%2Fwp%2Fv2%2Ftags&post=3095"}],"curies":[{"name":"wp","href":"https:\/\/api.w.org\/{rel}","templated":true}]}}